{"id":7365,"date":"2024-10-14T17:03:18","date_gmt":"2024-10-14T17:03:18","guid":{"rendered":"https:\/\/www.fxactionmagazine.it\/fx\/?p=7365"},"modified":"2024-10-14T17:03:18","modified_gmt":"2024-10-14T17:03:18","slug":"pietramurata-rider-comments","status":"publish","type":"post","link":"https:\/\/www.fxactionmagazine.it\/fx\/2024\/10\/14\/pietramurata-rider-comments\/","title":{"rendered":"Pietramurata rider comments"},"content":{"rendered":"<p><em>Le dichiarazioni dei protagonisti dell\u2019ultima prova del campionato italiano motocross<\/em><\/p>\n<figure id=\"attachment_7375\" aria-describedby=\"caption-attachment-7375\" style=\"width: 640px\" class=\"wp-caption alignnone\"><img loading=\"lazy\" decoding=\"async\" class=\"size-large wp-image-7375\" src=\"https:\/\/www.fxactionmagazine.it\/fx\/wp-content\/uploads\/2024\/10\/ph.-Mxreport-1-1024x683.jpg\" alt=\"ph. Mxreport\" width=\"640\" height=\"427\" data-wp-pid=\"7375\" srcset=\"https:\/\/www.fxactionmagazine.it\/fx\/wp-content\/uploads\/2024\/10\/ph.-Mxreport-1-1024x683.jpg 1024w, https:\/\/www.fxactionmagazine.it\/fx\/wp-content\/uploads\/2024\/10\/ph.-Mxreport-1-300x200.jpg 300w, https:\/\/www.fxactionmagazine.it\/fx\/wp-content\/uploads\/2024\/10\/ph.-Mxreport-1-768x512.jpg 768w, https:\/\/www.fxactionmagazine.it\/fx\/wp-content\/uploads\/2024\/10\/ph.-Mxreport-1-1536x1024.jpg 1536w, https:\/\/www.fxactionmagazine.it\/fx\/wp-content\/uploads\/2024\/10\/ph.-Mxreport-1.jpg 1600w\" sizes=\"auto, (max-width: 640px) 100vw, 640px\" \/><figcaption id=\"caption-attachment-7375\" class=\"wp-caption-text\">ph. Mxreport<\/figcaption><\/figure>\n<hr \/>\n<p><strong>Pietramurata<\/strong> \u2013 Ieri, sulla pista di Pietramurata, si \u00e8 disputata la sesta e ultima prova del campionato italiano motocross Prestige 24MX \u2013 Borilli Pro Series. Ecco le dichiarazioni dei protagonisti.<\/p>\n<p><strong>MX1<\/strong><\/p>\n<hr \/>\n<figure id=\"attachment_7367\" aria-describedby=\"caption-attachment-7367\" style=\"width: 640px\" class=\"wp-caption alignnone\"><img loading=\"lazy\" decoding=\"async\" class=\"size-large wp-image-7367\" src=\"https:\/\/www.fxactionmagazine.it\/fx\/wp-content\/uploads\/2024\/10\/Andrea-Bonacorsi-ph.-Matteo-Buccarini-1024x683.jpg\" alt=\"Andrea Bonacorsi - ph. Matteo Buccarini\" width=\"640\" height=\"427\" data-wp-pid=\"7367\" srcset=\"https:\/\/www.fxactionmagazine.it\/fx\/wp-content\/uploads\/2024\/10\/Andrea-Bonacorsi-ph.-Matteo-Buccarini-1024x683.jpg 1024w, https:\/\/www.fxactionmagazine.it\/fx\/wp-content\/uploads\/2024\/10\/Andrea-Bonacorsi-ph.-Matteo-Buccarini-300x200.jpg 300w, https:\/\/www.fxactionmagazine.it\/fx\/wp-content\/uploads\/2024\/10\/Andrea-Bonacorsi-ph.-Matteo-Buccarini-768x512.jpg 768w, https:\/\/www.fxactionmagazine.it\/fx\/wp-content\/uploads\/2024\/10\/Andrea-Bonacorsi-ph.-Matteo-Buccarini-1536x1024.jpg 1536w, https:\/\/www.fxactionmagazine.it\/fx\/wp-content\/uploads\/2024\/10\/Andrea-Bonacorsi-ph.-Matteo-Buccarini.jpg 1600w\" sizes=\"auto, (max-width: 640px) 100vw, 640px\" \/><figcaption id=\"caption-attachment-7367\" class=\"wp-caption-text\">Andrea Bonacorsi &#8211; ph. Matteo Buccarini<\/figcaption><\/figure>\n<hr \/>\n<p><strong>Andrea Bonacorsi (Yamaha) \u2013 Winner:<\/strong> \u201cIn qualifica non \u00e8 andata granch\u00e9, ma ero comunque tranquillo, perch\u00e9 so che in gara riesco sempre a rendere meglio. Sono contento, questa bella doppietta era proprio quello che ci voleva per chiudere al meglio una stagione che per me \u00e8 stata veramente lunga e impegnativa. Ci vediamo l\u2019anno prossimo\u201d.<\/p>\n<hr \/>\n<figure id=\"attachment_7372\" aria-describedby=\"caption-attachment-7372\" style=\"width: 640px\" class=\"wp-caption alignnone\"><img loading=\"lazy\" decoding=\"async\" class=\"size-large wp-image-7372\" src=\"https:\/\/www.fxactionmagazine.it\/fx\/wp-content\/uploads\/2024\/10\/Jan-Pancar-ph.-Gianfranco-Passera-1024x683.jpg\" alt=\"Jan Pancar - ph. Gianfranco Passera\" width=\"640\" height=\"427\" data-wp-pid=\"7372\" srcset=\"https:\/\/www.fxactionmagazine.it\/fx\/wp-content\/uploads\/2024\/10\/Jan-Pancar-ph.-Gianfranco-Passera-1024x683.jpg 1024w, https:\/\/www.fxactionmagazine.it\/fx\/wp-content\/uploads\/2024\/10\/Jan-Pancar-ph.-Gianfranco-Passera-300x200.jpg 300w, https:\/\/www.fxactionmagazine.it\/fx\/wp-content\/uploads\/2024\/10\/Jan-Pancar-ph.-Gianfranco-Passera-768x512.jpg 768w, https:\/\/www.fxactionmagazine.it\/fx\/wp-content\/uploads\/2024\/10\/Jan-Pancar-ph.-Gianfranco-Passera-1536x1024.jpg 1536w, https:\/\/www.fxactionmagazine.it\/fx\/wp-content\/uploads\/2024\/10\/Jan-Pancar-ph.-Gianfranco-Passera.jpg 1600w\" sizes=\"auto, (max-width: 640px) 100vw, 640px\" \/><figcaption id=\"caption-attachment-7372\" class=\"wp-caption-text\">Jan Pancar &#8211; ph. Gianfranco Passera<\/figcaption><\/figure>\n<hr \/>\n<p><strong>Jan Pancar (KTM) &#8211; 2nd place:<\/strong> \u201c\u00c8 stata una bella gara, Andrea era molto veloce e ci siamo spinti al massimo per tutte e due le manche. Ho avuto qualche problema a superare i doppiati e non sono mai riuscito ad attaccarlo, ma tutto sommato sono soddisfatto. Penso che ci rivedremo anche l\u2019anno prossimo al campionato italiano\u201d.<\/p>\n<hr \/>\n<figure id=\"attachment_7366\" aria-describedby=\"caption-attachment-7366\" style=\"width: 640px\" class=\"wp-caption alignnone\"><img loading=\"lazy\" decoding=\"async\" class=\"size-large wp-image-7366\" src=\"https:\/\/www.fxactionmagazine.it\/fx\/wp-content\/uploads\/2024\/10\/Alessandro-Lupino-ph.-Silvano-Cesario-1024x691.jpg\" alt=\"Alessandro Lupino - ph. Silvano Cesario\" width=\"640\" height=\"432\" data-wp-pid=\"7366\" srcset=\"https:\/\/www.fxactionmagazine.it\/fx\/wp-content\/uploads\/2024\/10\/Alessandro-Lupino-ph.-Silvano-Cesario-1024x691.jpg 1024w, https:\/\/www.fxactionmagazine.it\/fx\/wp-content\/uploads\/2024\/10\/Alessandro-Lupino-ph.-Silvano-Cesario-300x202.jpg 300w, https:\/\/www.fxactionmagazine.it\/fx\/wp-content\/uploads\/2024\/10\/Alessandro-Lupino-ph.-Silvano-Cesario-768x518.jpg 768w, https:\/\/www.fxactionmagazine.it\/fx\/wp-content\/uploads\/2024\/10\/Alessandro-Lupino-ph.-Silvano-Cesario-1536x1036.jpg 1536w, https:\/\/www.fxactionmagazine.it\/fx\/wp-content\/uploads\/2024\/10\/Alessandro-Lupino-ph.-Silvano-Cesario.jpg 1600w\" sizes=\"auto, (max-width: 640px) 100vw, 640px\" \/><figcaption id=\"caption-attachment-7366\" class=\"wp-caption-text\">Alessandro Lupino &#8211; ph. Silvano Cesario<\/figcaption><\/figure>\n<hr \/>\n<p><strong>Alessandro Lupino (Ducati) &#8211; 3rd place and Italian champion<\/strong>: \u201cQuesto \u00e8 forse il titolo italiano pi\u00f9 bello dei sei che ho vinto, sicuramente il pi\u00f9 inatteso. A inizio stagione non sapevamo nemmeno se la moto sarebbe riuscita ad arrivare al traguardo e adesso siamo qui con la tabella oro. Oggi in gara-1 ho guidato con prudenza, per mettere al sicuro il titolo; in gara-2 ho cercato di spingere di pi\u00f9, ma non ero fluido come volevo e alla fine ho mollato. Sono contentissimo, \u00e8 stata un\u2019avventura fantastica e voglio ringraziare Ducati per come ha lavorato\u201d.<\/p>\n<hr \/>\n<figure id=\"attachment_7369\" aria-describedby=\"caption-attachment-7369\" style=\"width: 640px\" class=\"wp-caption alignnone\"><img loading=\"lazy\" decoding=\"async\" class=\"size-large wp-image-7369\" src=\"https:\/\/www.fxactionmagazine.it\/fx\/wp-content\/uploads\/2024\/10\/Emilio-Scuteri-ph.-Mxreport-1024x683.jpg\" alt=\"Emilio Scuteri - ph. Mxreport\" width=\"640\" height=\"427\" data-wp-pid=\"7369\" srcset=\"https:\/\/www.fxactionmagazine.it\/fx\/wp-content\/uploads\/2024\/10\/Emilio-Scuteri-ph.-Mxreport-1024x683.jpg 1024w, https:\/\/www.fxactionmagazine.it\/fx\/wp-content\/uploads\/2024\/10\/Emilio-Scuteri-ph.-Mxreport-300x200.jpg 300w, https:\/\/www.fxactionmagazine.it\/fx\/wp-content\/uploads\/2024\/10\/Emilio-Scuteri-ph.-Mxreport-768x512.jpg 768w, https:\/\/www.fxactionmagazine.it\/fx\/wp-content\/uploads\/2024\/10\/Emilio-Scuteri-ph.-Mxreport-1536x1024.jpg 1536w, https:\/\/www.fxactionmagazine.it\/fx\/wp-content\/uploads\/2024\/10\/Emilio-Scuteri-ph.-Mxreport.jpg 1600w\" sizes=\"auto, (max-width: 640px) 100vw, 640px\" \/><figcaption id=\"caption-attachment-7369\" class=\"wp-caption-text\">Emilio Scuteri &#8211; ph. Mxreport<\/figcaption><\/figure>\n<hr \/>\n<p><strong>Emilio Scuteri (Honda) &#8211; Fast champion<\/strong>: \u201c\u00c8 stata una stagione tutta in crescendo, con ottimi risultati. Venivo da annate molto difficili, con tanti infortuni, non era scontato tornare a certi livelli. Poi, purtroppo, mi sono fatto male di nuovo e qui a Pietramurata ho corso stringendo i denti solo per portare a casa il titolo. Peccato che ora dovr\u00f2 operarmi e non so quando potr\u00f2 tornare a correre\u201d.<\/p>\n<p><strong>MX2<\/strong><\/p>\n<hr \/>\n<figure id=\"attachment_7377\" aria-describedby=\"caption-attachment-7377\" style=\"width: 640px\" class=\"wp-caption alignnone\"><img loading=\"lazy\" decoding=\"async\" class=\"size-large wp-image-7377\" src=\"https:\/\/www.fxactionmagazine.it\/fx\/wp-content\/uploads\/2024\/10\/Valerio-Lata-ph.-Daniele-Barreca-1024x683.jpg\" alt=\"Valerio Lata - ph. Daniele Barreca\" width=\"640\" height=\"427\" data-wp-pid=\"7377\" srcset=\"https:\/\/www.fxactionmagazine.it\/fx\/wp-content\/uploads\/2024\/10\/Valerio-Lata-ph.-Daniele-Barreca-1024x683.jpg 1024w, https:\/\/www.fxactionmagazine.it\/fx\/wp-content\/uploads\/2024\/10\/Valerio-Lata-ph.-Daniele-Barreca-300x200.jpg 300w, https:\/\/www.fxactionmagazine.it\/fx\/wp-content\/uploads\/2024\/10\/Valerio-Lata-ph.-Daniele-Barreca-768x512.jpg 768w, https:\/\/www.fxactionmagazine.it\/fx\/wp-content\/uploads\/2024\/10\/Valerio-Lata-ph.-Daniele-Barreca-1536x1024.jpg 1536w, https:\/\/www.fxactionmagazine.it\/fx\/wp-content\/uploads\/2024\/10\/Valerio-Lata-ph.-Daniele-Barreca.jpg 1600w\" sizes=\"auto, (max-width: 640px) 100vw, 640px\" \/><figcaption id=\"caption-attachment-7377\" class=\"wp-caption-text\">Valerio Lata &#8211; ph. Daniele Barreca<\/figcaption><\/figure>\n<hr \/>\n<p><strong>Valerio Lata (GasGas) \u2013 Winner:<\/strong> \u201cPeccato per la prima manche, in cui ho fatto due errori e non sono riuscito ad andare a prendere Mads. Volevo vincere la seconda manche, perch\u00e9 volevo chiudere il campionato arrivando primo in tutte le overall e ci sono riuscito. Sono molto contento, voglio ringraziare il team Beddini, perch\u00e9 questa \u00e8 stata l\u2019ultima gara insieme. In questi due anni siamo cresciuti tantissimo\u201d.<\/p>\n<hr \/>\n<figure id=\"attachment_7374\" aria-describedby=\"caption-attachment-7374\" style=\"width: 640px\" class=\"wp-caption alignnone\"><img loading=\"lazy\" decoding=\"async\" class=\"size-large wp-image-7374\" src=\"https:\/\/www.fxactionmagazine.it\/fx\/wp-content\/uploads\/2024\/10\/Mads-Fredsoe-ph.-Daniele-Barreca-1024x683.jpg\" alt=\"Mads Fredsoe - ph. Daniele Barreca\" width=\"640\" height=\"427\" data-wp-pid=\"7374\" srcset=\"https:\/\/www.fxactionmagazine.it\/fx\/wp-content\/uploads\/2024\/10\/Mads-Fredsoe-ph.-Daniele-Barreca-1024x683.jpg 1024w, https:\/\/www.fxactionmagazine.it\/fx\/wp-content\/uploads\/2024\/10\/Mads-Fredsoe-ph.-Daniele-Barreca-300x200.jpg 300w, https:\/\/www.fxactionmagazine.it\/fx\/wp-content\/uploads\/2024\/10\/Mads-Fredsoe-ph.-Daniele-Barreca-768x512.jpg 768w, https:\/\/www.fxactionmagazine.it\/fx\/wp-content\/uploads\/2024\/10\/Mads-Fredsoe-ph.-Daniele-Barreca-1536x1024.jpg 1536w, https:\/\/www.fxactionmagazine.it\/fx\/wp-content\/uploads\/2024\/10\/Mads-Fredsoe-ph.-Daniele-Barreca.jpg 1600w\" sizes=\"auto, (max-width: 640px) 100vw, 640px\" \/><figcaption id=\"caption-attachment-7374\" class=\"wp-caption-text\">Mads Fredsoe &#8211; ph. Daniele Barreca<\/figcaption><\/figure>\n<hr \/>\n<p><strong>Mads Fredsoe (GasGas) &#8211; 2nd place<\/strong>: \u201cSono veramente contento di aver concluso la stagione con questo risultato, il team Beddini se lo meritava: \u00e8 stato una seconda famiglia per me. Il prossimo anno non correr\u00f2 con loro, ma voglio ringraziare tutti per come mi hanno accolto e assistito, quest\u2019esperienza in Italia \u00e8 stata bellissima\u201d.<\/p>\n<hr \/>\n<figure id=\"attachment_7376\" aria-describedby=\"caption-attachment-7376\" style=\"width: 640px\" class=\"wp-caption alignnone\"><img loading=\"lazy\" decoding=\"async\" class=\"size-large wp-image-7376\" src=\"https:\/\/www.fxactionmagazine.it\/fx\/wp-content\/uploads\/2024\/10\/Simone-Mancini-ph.-Redbaz-1024x683.jpg\" alt=\"Simone Mancini - ph. Redbaz\" width=\"640\" height=\"427\" data-wp-pid=\"7376\" srcset=\"https:\/\/www.fxactionmagazine.it\/fx\/wp-content\/uploads\/2024\/10\/Simone-Mancini-ph.-Redbaz-1024x683.jpg 1024w, https:\/\/www.fxactionmagazine.it\/fx\/wp-content\/uploads\/2024\/10\/Simone-Mancini-ph.-Redbaz-300x200.jpg 300w, https:\/\/www.fxactionmagazine.it\/fx\/wp-content\/uploads\/2024\/10\/Simone-Mancini-ph.-Redbaz-768x512.jpg 768w, https:\/\/www.fxactionmagazine.it\/fx\/wp-content\/uploads\/2024\/10\/Simone-Mancini-ph.-Redbaz-1536x1024.jpg 1536w, https:\/\/www.fxactionmagazine.it\/fx\/wp-content\/uploads\/2024\/10\/Simone-Mancini-ph.-Redbaz.jpg 1600w\" sizes=\"auto, (max-width: 640px) 100vw, 640px\" \/><figcaption id=\"caption-attachment-7376\" class=\"wp-caption-text\">Simone Mancini &#8211; ph. Redbaz<\/figcaption><\/figure>\n<hr \/>\n<p><strong>Simone Mancini (Fantic) &#8211; 3rd place:<\/strong> \u201cSto ancora conoscendo la 250 4 tempi, era la quarta volta che ci salivo e questa non era nemmeno la moto da gara. Per questo sono ancora pi\u00f9 contento di questo risultato, sono partito male in tutte e due le manche ma ho recuperato sempre bene, soprattutto in gara-2\u201d.<\/p>\n<hr \/>\n<figure id=\"attachment_7370\" aria-describedby=\"caption-attachment-7370\" style=\"width: 640px\" class=\"wp-caption alignnone\"><img loading=\"lazy\" decoding=\"async\" class=\"size-large wp-image-7370\" src=\"https:\/\/www.fxactionmagazine.it\/fx\/wp-content\/uploads\/2024\/10\/Francesco-Bellei-ph.-Motocrossaddiction-1024x683.jpg\" alt=\"Francesco Bellei - ph. Motocrossaddiction\" width=\"640\" height=\"427\" data-wp-pid=\"7370\" srcset=\"https:\/\/www.fxactionmagazine.it\/fx\/wp-content\/uploads\/2024\/10\/Francesco-Bellei-ph.-Motocrossaddiction-1024x683.jpg 1024w, https:\/\/www.fxactionmagazine.it\/fx\/wp-content\/uploads\/2024\/10\/Francesco-Bellei-ph.-Motocrossaddiction-300x200.jpg 300w, https:\/\/www.fxactionmagazine.it\/fx\/wp-content\/uploads\/2024\/10\/Francesco-Bellei-ph.-Motocrossaddiction-768x512.jpg 768w, https:\/\/www.fxactionmagazine.it\/fx\/wp-content\/uploads\/2024\/10\/Francesco-Bellei-ph.-Motocrossaddiction-1536x1024.jpg 1536w, https:\/\/www.fxactionmagazine.it\/fx\/wp-content\/uploads\/2024\/10\/Francesco-Bellei-ph.-Motocrossaddiction.jpg 1600w\" sizes=\"auto, (max-width: 640px) 100vw, 640px\" \/><figcaption id=\"caption-attachment-7370\" class=\"wp-caption-text\">Francesco Bellei &#8211; ph. Motocrossaddiction<\/figcaption><\/figure>\n<hr \/>\n<p><strong>Francesco Bellei (KTM) \u2013 Fast champion:<\/strong> \u201cHo fatto una bellissima gara-1, in cui ho finito terzo. Nella seconda manche un contatto al via mi ha fatto cadere e mi sono spaventato davvero, ma poi sono riuscito a risalire fino al nono posto e ho vinto il titolo. \u00c8 stata una stagione stupenda, ringrazio tutti quelli che mi hanno aiutato\u201d.<\/p>\n<p><strong>FEMMINILE<\/strong><\/p>\n<hr \/>\n<figure id=\"attachment_7373\" aria-describedby=\"caption-attachment-7373\" style=\"width: 640px\" class=\"wp-caption alignnone\"><img loading=\"lazy\" decoding=\"async\" class=\"size-large wp-image-7373\" src=\"https:\/\/www.fxactionmagazine.it\/fx\/wp-content\/uploads\/2024\/10\/Kiara-Fontanesi-ph.-Daniele-Barreca-1024x683.jpg\" alt=\"Kiara Fontanesi - ph. Daniele Barreca\" width=\"640\" height=\"427\" data-wp-pid=\"7373\" srcset=\"https:\/\/www.fxactionmagazine.it\/fx\/wp-content\/uploads\/2024\/10\/Kiara-Fontanesi-ph.-Daniele-Barreca-1024x683.jpg 1024w, https:\/\/www.fxactionmagazine.it\/fx\/wp-content\/uploads\/2024\/10\/Kiara-Fontanesi-ph.-Daniele-Barreca-300x200.jpg 300w, https:\/\/www.fxactionmagazine.it\/fx\/wp-content\/uploads\/2024\/10\/Kiara-Fontanesi-ph.-Daniele-Barreca-768x512.jpg 768w, https:\/\/www.fxactionmagazine.it\/fx\/wp-content\/uploads\/2024\/10\/Kiara-Fontanesi-ph.-Daniele-Barreca-1536x1024.jpg 1536w, https:\/\/www.fxactionmagazine.it\/fx\/wp-content\/uploads\/2024\/10\/Kiara-Fontanesi-ph.-Daniele-Barreca.jpg 1600w\" sizes=\"auto, (max-width: 640px) 100vw, 640px\" \/><figcaption id=\"caption-attachment-7373\" class=\"wp-caption-text\">Kiara Fontanesi &#8211; ph. Daniele Barreca<\/figcaption><\/figure>\n<hr \/>\n<p><strong>Kiara Fontanesi (GasGas) \u2013 Winner and Italian champion:<\/strong> \u201cSono contenta perch\u00e9, oltre ad aver vinto il titolo, in queste ultime gare mi sono anche sentita bene sulla moto. Qui a Pietramurata sono riuscita anche a fare due holeshot, che non sono la mia specialit\u00e0. \u00c8 stato bellissimo vincere il campionato davanti alla mia famiglia, agli amici che sono venuti a farmi il tifo e ai miei due capi delle Fiamme Oro, Massimo Beltrami e Cristian Ravaglia\u201d.<\/p>\n<hr \/>\n<figure id=\"attachment_7368\" aria-describedby=\"caption-attachment-7368\" style=\"width: 640px\" class=\"wp-caption alignnone\"><img loading=\"lazy\" decoding=\"async\" class=\"size-large wp-image-7368\" src=\"https:\/\/www.fxactionmagazine.it\/fx\/wp-content\/uploads\/2024\/10\/Danee-Gelissen-ph.-Motocrossaddiction-1024x683.jpg\" alt=\"Dan\u00e9e Gelissen - ph. Motocrossaddiction\" width=\"640\" height=\"427\" data-wp-pid=\"7368\" srcset=\"https:\/\/www.fxactionmagazine.it\/fx\/wp-content\/uploads\/2024\/10\/Danee-Gelissen-ph.-Motocrossaddiction-1024x683.jpg 1024w, https:\/\/www.fxactionmagazine.it\/fx\/wp-content\/uploads\/2024\/10\/Danee-Gelissen-ph.-Motocrossaddiction-300x200.jpg 300w, https:\/\/www.fxactionmagazine.it\/fx\/wp-content\/uploads\/2024\/10\/Danee-Gelissen-ph.-Motocrossaddiction-768x512.jpg 768w, https:\/\/www.fxactionmagazine.it\/fx\/wp-content\/uploads\/2024\/10\/Danee-Gelissen-ph.-Motocrossaddiction-1536x1024.jpg 1536w, https:\/\/www.fxactionmagazine.it\/fx\/wp-content\/uploads\/2024\/10\/Danee-Gelissen-ph.-Motocrossaddiction.jpg 1600w\" sizes=\"auto, (max-width: 640px) 100vw, 640px\" \/><figcaption id=\"caption-attachment-7368\" class=\"wp-caption-text\">Dan\u00e9e Gelissen &#8211; ph. Motocrossaddiction<\/figcaption><\/figure>\n<hr \/>\n<p><strong>Dan\u00e9e Gelissen (Yamaha) &#8211; 2nd place<\/strong>: \u201cNella prima manche ho fatto una brutta caduta al via, ma, nonostante il dolore, avevo un bel feeling con la pista e sono riuscita a rimontare fino al terzo posto. In gara-2 sono partita bene, ho provato a tenere il passo di Kiara, ma lei era pi\u00f9 veloce. Evidentemente dobbiamo migliorare ancora per arrivare al suo livello\u201d.<\/p>\n<hr \/>\n<figure id=\"attachment_7371\" aria-describedby=\"caption-attachment-7371\" style=\"width: 640px\" class=\"wp-caption alignnone\"><img loading=\"lazy\" decoding=\"async\" class=\"size-large wp-image-7371\" src=\"https:\/\/www.fxactionmagazine.it\/fx\/wp-content\/uploads\/2024\/10\/Giorgia-Montini-ph.-Stefano-Romboli-1024x683.jpg\" alt=\"Giorgia Montini - ph. Stefano Romboli\" width=\"640\" height=\"427\" data-wp-pid=\"7371\" srcset=\"https:\/\/www.fxactionmagazine.it\/fx\/wp-content\/uploads\/2024\/10\/Giorgia-Montini-ph.-Stefano-Romboli-1024x683.jpg 1024w, https:\/\/www.fxactionmagazine.it\/fx\/wp-content\/uploads\/2024\/10\/Giorgia-Montini-ph.-Stefano-Romboli-300x200.jpg 300w, https:\/\/www.fxactionmagazine.it\/fx\/wp-content\/uploads\/2024\/10\/Giorgia-Montini-ph.-Stefano-Romboli-768x512.jpg 768w, https:\/\/www.fxactionmagazine.it\/fx\/wp-content\/uploads\/2024\/10\/Giorgia-Montini-ph.-Stefano-Romboli-1536x1024.jpg 1536w, https:\/\/www.fxactionmagazine.it\/fx\/wp-content\/uploads\/2024\/10\/Giorgia-Montini-ph.-Stefano-Romboli.jpg 1600w\" sizes=\"auto, (max-width: 640px) 100vw, 640px\" \/><figcaption id=\"caption-attachment-7371\" class=\"wp-caption-text\">Giorgia Montini &#8211; ph. Stefano Romboli<\/figcaption><\/figure>\n<hr \/>\n<p><strong>Giorgia Montini (Honda) &#8211; 3rd place<\/strong>: \u201c\u00c8 dall\u2019inizio dell\u2019anno che lottiamo con Dan\u00e9e, questa volta abbiamo fatto pari punti e ormai ce la giocheremo nell\u2019ultima prova, domenica prossima a Citt\u00e0 di Castello, per la seconda posizione finale. Speriamo bene, io ce la metter\u00f2 tutta\u201d.<\/p>\n","protected":false},"excerpt":{"rendered":"<p>Le dichiarazioni dei protagonisti dell\u2019ultima prova del campionato italiano motocross Pietramurata \u2013 Ieri, sulla pista di Pietramurata, si \u00e8 disputata la sesta e ultima prova del campionato italiano motocross Prestige 24MX \u2013 Borilli Pro Series. Ecco le dichiarazioni dei protagonisti. MX1 Andrea Bonacorsi (Yamaha) \u2013 Winner: \u201cIn qualifica non \u00e8 andata granch\u00e9, ma ero comunque [&hellip;]<\/p>\n","protected":false},"author":2,"featured_media":7375,"comment_status":"closed","ping_status":"closed","sticky":false,"template":"","format":"standard","meta":{"footnotes":""},"categories":[137,140],"tags":[],"ppma_author":[165],"class_list":["post-7365","post","type-post","status-publish","format-standard","has-post-thumbnail","hentry","category-italiano-prestige-femminile-2024","category-italiano-prestige-mx1-mx2-2024"],"pp_statuses_selecting_workflow":false,"pp_workflow_action":"current","pp_status_selection":"publish","authors":[{"term_id":165,"user_id":2,"is_guest":0,"slug":"fxaction_castellani","display_name":"FXAction Press Press","avatar_url":"https:\/\/secure.gravatar.com\/avatar\/0212eec9298751952bb628e4cf0c6ce6ce916454b650736bf2b3d5c1e21cb525?s=96&d=mm&r=g","1":"","2":"","3":"","4":"","5":"","6":"","7":"","8":""}],"_links":{"self":[{"href":"https:\/\/www.fxactionmagazine.it\/fx\/wp-json\/wp\/v2\/posts\/7365","targetHints":{"allow":["GET"]}}],"collection":[{"href":"https:\/\/www.fxactionmagazine.it\/fx\/wp-json\/wp\/v2\/posts"}],"about":[{"href":"https:\/\/www.fxactionmagazine.it\/fx\/wp-json\/wp\/v2\/types\/post"}],"author":[{"embeddable":true,"href":"https:\/\/www.fxactionmagazine.it\/fx\/wp-json\/wp\/v2\/users\/2"}],"replies":[{"embeddable":true,"href":"https:\/\/www.fxactionmagazine.it\/fx\/wp-json\/wp\/v2\/comments?post=7365"}],"version-history":[{"count":-4,"href":"https:\/\/www.fxactionmagazine.it\/fx\/wp-json\/wp\/v2\/posts\/7365\/revisions"}],"wp:featuredmedia":[{"embeddable":true,"href":"https:\/\/www.fxactionmagazine.it\/fx\/wp-json\/wp\/v2\/media\/7375"}],"wp:attachment":[{"href":"https:\/\/www.fxactionmagazine.it\/fx\/wp-json\/wp\/v2\/media?parent=7365"}],"wp:term":[{"taxonomy":"category","embeddable":true,"href":"https:\/\/www.fxactionmagazine.it\/fx\/wp-json\/wp\/v2\/categories?post=7365"},{"taxonomy":"post_tag","embeddable":true,"href":"https:\/\/www.fxactionmagazine.it\/fx\/wp-json\/wp\/v2\/tags?post=7365"},{"taxonomy":"author","embeddable":true,"href":"https:\/\/www.fxactionmagazine.it\/fx\/wp-json\/wp\/v2\/ppma_author?post=7365"}],"curies":[{"name":"wp","href":"https:\/\/api.w.org\/{rel}","templated":true}]}}