{"id":7296,"date":"2024-10-01T07:51:34","date_gmt":"2024-10-01T07:51:34","guid":{"rendered":"https:\/\/www.fxactionmagazine.it\/fx\/?p=7296"},"modified":"2024-10-01T08:07:14","modified_gmt":"2024-10-01T08:07:14","slug":"fim-sand-races-world-cup-la-classifica-verso-bibione","status":"publish","type":"post","link":"https:\/\/www.fxactionmagazine.it\/fx\/2024\/10\/01\/fim-sand-races-world-cup-la-classifica-verso-bibione\/","title":{"rendered":"FIM Sand Races world cup, la classifica verso Bibione"},"content":{"rendered":"<p><em>A un mese dalla Sand Storm, Todd Kellett guida il campionato su Lars Van Berkel \u2013 Nei quad \u00e8 leader il francese Violet<\/em><\/p>\n<figure id=\"attachment_7298\" aria-describedby=\"caption-attachment-7298\" style=\"width: 640px\" class=\"wp-caption alignnone\"><img loading=\"lazy\" decoding=\"async\" class=\"size-large wp-image-7298\" src=\"https:\/\/www.fxactionmagazine.it\/fx\/wp-content\/uploads\/2024\/10\/Enduropale-du-Touquet-ph.-Frederik-Herregods-1024x683.jpg\" alt=\"ph. Frederik Herregods\" width=\"640\" height=\"427\" data-wp-pid=\"7298\" srcset=\"https:\/\/www.fxactionmagazine.it\/fx\/wp-content\/uploads\/2024\/10\/Enduropale-du-Touquet-ph.-Frederik-Herregods-1024x683.jpg 1024w, https:\/\/www.fxactionmagazine.it\/fx\/wp-content\/uploads\/2024\/10\/Enduropale-du-Touquet-ph.-Frederik-Herregods-300x200.jpg 300w, https:\/\/www.fxactionmagazine.it\/fx\/wp-content\/uploads\/2024\/10\/Enduropale-du-Touquet-ph.-Frederik-Herregods-768x512.jpg 768w, https:\/\/www.fxactionmagazine.it\/fx\/wp-content\/uploads\/2024\/10\/Enduropale-du-Touquet-ph.-Frederik-Herregods-1536x1024.jpg 1536w, https:\/\/www.fxactionmagazine.it\/fx\/wp-content\/uploads\/2024\/10\/Enduropale-du-Touquet-ph.-Frederik-Herregods.jpg 1600w\" sizes=\"auto, (max-width: 640px) 100vw, 640px\" \/><figcaption id=\"caption-attachment-7298\" class=\"wp-caption-text\">ph. Frederik Herregods<\/figcaption><\/figure>\n<hr \/>\n<p><strong>Bibione <\/strong>\u2013 Manca meno di un mese alla prima volta della FIM Sand Races World Cup in Italia. Nel weekend dell\u20191, 2 e 3 novembre la spiaggia di Bibione ospiter\u00e0 la <strong>Bibione Sand Storm<\/strong>, che varr\u00e0 come quarta prova della competizione mondiale introdotta recentemente dalla FIM.<\/p>\n<p>Attualmente la FIM Sand Races World Cup ha disputato soltanto due delle sei gare in calendario. La terza prova, la Ronde des Sables (Francia), si correr\u00e0 la settimana prima della Bibione Sand Storm. Al momento di vedere i piloti in azione in Italia, quindi, la classifica di campionato si presenter\u00e0 inevitabilmente diversa da com\u2019\u00e8 ora.<\/p>\n<hr \/>\n<figure id=\"attachment_7297\" aria-describedby=\"caption-attachment-7297\" style=\"width: 640px\" class=\"wp-caption alignnone\"><img loading=\"lazy\" decoding=\"async\" class=\"size-large wp-image-7297\" src=\"https:\/\/www.fxactionmagazine.it\/fx\/wp-content\/uploads\/2024\/10\/Todd-Kellett-ph.-Frederik-Herregods-1024x683.jpg\" alt=\"Todd Kellett - ph. Frederik Herregods\" width=\"640\" height=\"427\" data-wp-pid=\"7297\" srcset=\"https:\/\/www.fxactionmagazine.it\/fx\/wp-content\/uploads\/2024\/10\/Todd-Kellett-ph.-Frederik-Herregods-1024x683.jpg 1024w, https:\/\/www.fxactionmagazine.it\/fx\/wp-content\/uploads\/2024\/10\/Todd-Kellett-ph.-Frederik-Herregods-300x200.jpg 300w, https:\/\/www.fxactionmagazine.it\/fx\/wp-content\/uploads\/2024\/10\/Todd-Kellett-ph.-Frederik-Herregods-768x512.jpg 768w, https:\/\/www.fxactionmagazine.it\/fx\/wp-content\/uploads\/2024\/10\/Todd-Kellett-ph.-Frederik-Herregods-1536x1024.jpg 1536w, https:\/\/www.fxactionmagazine.it\/fx\/wp-content\/uploads\/2024\/10\/Todd-Kellett-ph.-Frederik-Herregods.jpg 1600w\" sizes=\"auto, (max-width: 640px) 100vw, 640px\" \/><figcaption id=\"caption-attachment-7297\" class=\"wp-caption-text\">Todd Kellett &#8211; ph. Frederik Herregods<\/figcaption><\/figure>\n<hr \/>\n<p>In questo momento il leader del campionato \u00e8 l\u2019inglese <strong>Todd Kellett<\/strong> (Yamaha), che gi\u00e0 nel 2023 aveva trionfato nella FIM Sand Races World Cup. Kellett si \u00e8 aggiudicato le prime due gare stagionali (Touquet in Francia ed Enduro del Verano in Argentina) e quindi \u00e8 in testa a punteggio pieno, con 50 punti. L\u2019inglese \u00e8 un grande specialista della sabbia e quest\u2019anno ha corso anche la gara di Riola Sardo del campionato del mondo MXGP.<\/p>\n<p>Alle spalle di Kellett c\u2019\u00e8 l\u2019olandese <strong>Lars Van Berkel<\/strong> (Honda), altro pilota cresciuto a pane e sabbia e con esperienze importanti nel motocross in tutto il mondo, che ha solo un punto di vantaggio sul francese <strong>Maxime Sot<\/strong> (GasGas). A seguire, altri due transalpini: Jeremy Hauquier (Honda) e Camille Chapeliere (GasGas).<\/p>\n<p>Attualmente, nella classifica provvisoria della coppa del mondo non figurano piloti italiani, ma la tappa di Bibione sar\u00e0 l\u2019occasione giusta per i nostri specialisti di farsi conoscere e apprezzare anche in questa tipologia di gare.<\/p>\n<hr \/>\n<figure id=\"attachment_7300\" aria-describedby=\"caption-attachment-7300\" style=\"width: 640px\" class=\"wp-caption alignnone\"><img loading=\"lazy\" decoding=\"async\" class=\"size-large wp-image-7300\" src=\"https:\/\/www.fxactionmagazine.it\/fx\/wp-content\/uploads\/2024\/10\/Pablo-Violet-ph.-Frederik-Herregods-1024x683.jpg\" alt=\"Pablo Violet - ph. Frederik Herregods\" width=\"640\" height=\"427\" data-wp-pid=\"7300\" srcset=\"https:\/\/www.fxactionmagazine.it\/fx\/wp-content\/uploads\/2024\/10\/Pablo-Violet-ph.-Frederik-Herregods-1024x683.jpg 1024w, https:\/\/www.fxactionmagazine.it\/fx\/wp-content\/uploads\/2024\/10\/Pablo-Violet-ph.-Frederik-Herregods-300x200.jpg 300w, https:\/\/www.fxactionmagazine.it\/fx\/wp-content\/uploads\/2024\/10\/Pablo-Violet-ph.-Frederik-Herregods-768x512.jpg 768w, https:\/\/www.fxactionmagazine.it\/fx\/wp-content\/uploads\/2024\/10\/Pablo-Violet-ph.-Frederik-Herregods-1536x1024.jpg 1536w, https:\/\/www.fxactionmagazine.it\/fx\/wp-content\/uploads\/2024\/10\/Pablo-Violet-ph.-Frederik-Herregods.jpg 1600w\" sizes=\"auto, (max-width: 640px) 100vw, 640px\" \/><figcaption id=\"caption-attachment-7300\" class=\"wp-caption-text\">Pablo Violet &#8211; ph. Frederik Herregods<\/figcaption><\/figure>\n<hr \/>\n<p>Per quanto riguarda i quad, il capoclassifica \u00e8 il francese <strong>Pablo Violet<\/strong> (Yamaha), vincitore al Touquet e all\u2019Enduro del Verano. Lo inseguono due suoi connazionali: Michel Trannin e Axel Dutrie, entrambi su Yamaha. Anche in questo caso, non ci sono al momento italiani in classifica.<\/p>\n<p>Oltre alle due classifiche assolute per moto e quad, la FIM Sand Races World Cup prevede anche delle <strong>classifiche di categoria<\/strong>, secondo il regolamento internazionale FIM che disciplina questa competizione. Nelle moto ci sono Veteran, Women, Junior 1 maschile, Junior 1 femminile, Junior 2 maschile, Junior 2 femminile, Vintage Evo maschile, Vintage Evo femminile, Classic maschile, Classic femminile. Nei quad ci sono Veteran, Women, Junior maschile, Junior femminile, SSV e Vintage.<\/p>\n<p>Contestualmente alla gara di coppa del mondo, \u00e8 possibile iscriversi alla Bibione Sand Storm anche sotto forma di <strong>gara Open<\/strong>, che si corre nelle stesse modalit\u00e0 e procedure della tappa mondiale, salvo non assegnare punti per la FIM Sand Races World Cup. Anche in questo caso, sono previste numerose categorie, tutte consultabili sul regolamento particolare della gara, pubblicato sul sito <a href=\"http:\/\/www.bibionesandstorm.it\">www.bibionesandstorm.it<\/a>.<\/p>\n<hr \/>\n<figure id=\"attachment_7299\" aria-describedby=\"caption-attachment-7299\" style=\"width: 640px\" class=\"wp-caption alignnone\"><img loading=\"lazy\" decoding=\"async\" class=\"size-large wp-image-7299\" src=\"https:\/\/www.fxactionmagazine.it\/fx\/wp-content\/uploads\/2024\/10\/Enduro-del-Verano-in-Argentina-ph.-Frederik-Herregods-1024x683.jpg\" alt=\"Enduro del Verano in Argentina - ph. Frederik Herregods\" width=\"640\" height=\"427\" data-wp-pid=\"7299\" srcset=\"https:\/\/www.fxactionmagazine.it\/fx\/wp-content\/uploads\/2024\/10\/Enduro-del-Verano-in-Argentina-ph.-Frederik-Herregods-1024x683.jpg 1024w, https:\/\/www.fxactionmagazine.it\/fx\/wp-content\/uploads\/2024\/10\/Enduro-del-Verano-in-Argentina-ph.-Frederik-Herregods-300x200.jpg 300w, https:\/\/www.fxactionmagazine.it\/fx\/wp-content\/uploads\/2024\/10\/Enduro-del-Verano-in-Argentina-ph.-Frederik-Herregods-768x512.jpg 768w, https:\/\/www.fxactionmagazine.it\/fx\/wp-content\/uploads\/2024\/10\/Enduro-del-Verano-in-Argentina-ph.-Frederik-Herregods-1536x1024.jpg 1536w, https:\/\/www.fxactionmagazine.it\/fx\/wp-content\/uploads\/2024\/10\/Enduro-del-Verano-in-Argentina-ph.-Frederik-Herregods.jpg 1600w\" sizes=\"auto, (max-width: 640px) 100vw, 640px\" \/><figcaption id=\"caption-attachment-7299\" class=\"wp-caption-text\">Enduro del Verano in Argentina &#8211; ph. Frederik Herregods<\/figcaption><\/figure>\n<hr \/>\n<p>Le iscrizioni alla gara Open sono aperte sul portale <strong>Sigma Federmoto<\/strong> cercando nella specialit\u00e0 \u201cmotocross\u201d il campionato\/attivit\u00e0 \u201cSand cross country\u201d.<\/p>\n<p>Il programma della Bibione Sand Storm prevede due gare di uguale durata (90 minuti per le moto e 60 minuti per i quad), una al sabato e una alla domenica. Al termine delle due batterie, vengono estrapolate le classifiche.<\/p>\n<p>Da non dimenticare neanche la <strong>Night race<\/strong>, gara-show del sabato sera a squadre su circuito ridotto.<\/p>\n","protected":false},"excerpt":{"rendered":"<p>A un mese dalla Sand Storm, Todd Kellett guida il campionato su Lars Van Berkel \u2013 Nei quad \u00e8 leader il francese Violet Bibione \u2013 Manca meno di un mese alla prima volta della FIM Sand Races World Cup in Italia. Nel weekend dell\u20191, 2 e 3 novembre la spiaggia di Bibione ospiter\u00e0 la Bibione [&hellip;]<\/p>\n","protected":false},"author":2,"featured_media":7298,"comment_status":"closed","ping_status":"closed","sticky":false,"template":"","format":"standard","meta":{"footnotes":""},"categories":[167],"tags":[],"ppma_author":[165],"class_list":["post-7296","post","type-post","status-publish","format-standard","has-post-thumbnail","hentry","category-bibione-sand-storm"],"pp_statuses_selecting_workflow":false,"pp_workflow_action":"current","pp_status_selection":"publish","authors":[{"term_id":165,"user_id":2,"is_guest":0,"slug":"fxaction_castellani","display_name":"FXAction Press Press","avatar_url":"https:\/\/secure.gravatar.com\/avatar\/0212eec9298751952bb628e4cf0c6ce6ce916454b650736bf2b3d5c1e21cb525?s=96&d=mm&r=g","1":"","2":"","3":"","4":"","5":"","6":"","7":"","8":""}],"_links":{"self":[{"href":"https:\/\/www.fxactionmagazine.it\/fx\/wp-json\/wp\/v2\/posts\/7296","targetHints":{"allow":["GET"]}}],"collection":[{"href":"https:\/\/www.fxactionmagazine.it\/fx\/wp-json\/wp\/v2\/posts"}],"about":[{"href":"https:\/\/www.fxactionmagazine.it\/fx\/wp-json\/wp\/v2\/types\/post"}],"author":[{"embeddable":true,"href":"https:\/\/www.fxactionmagazine.it\/fx\/wp-json\/wp\/v2\/users\/2"}],"replies":[{"embeddable":true,"href":"https:\/\/www.fxactionmagazine.it\/fx\/wp-json\/wp\/v2\/comments?post=7296"}],"version-history":[{"count":-3,"href":"https:\/\/www.fxactionmagazine.it\/fx\/wp-json\/wp\/v2\/posts\/7296\/revisions"}],"wp:featuredmedia":[{"embeddable":true,"href":"https:\/\/www.fxactionmagazine.it\/fx\/wp-json\/wp\/v2\/media\/7298"}],"wp:attachment":[{"href":"https:\/\/www.fxactionmagazine.it\/fx\/wp-json\/wp\/v2\/media?parent=7296"}],"wp:term":[{"taxonomy":"category","embeddable":true,"href":"https:\/\/www.fxactionmagazine.it\/fx\/wp-json\/wp\/v2\/categories?post=7296"},{"taxonomy":"post_tag","embeddable":true,"href":"https:\/\/www.fxactionmagazine.it\/fx\/wp-json\/wp\/v2\/tags?post=7296"},{"taxonomy":"author","embeddable":true,"href":"https:\/\/www.fxactionmagazine.it\/fx\/wp-json\/wp\/v2\/ppma_author?post=7296"}],"curies":[{"name":"wp","href":"https:\/\/api.w.org\/{rel}","templated":true}]}}