{"id":7114,"date":"2024-08-13T17:04:27","date_gmt":"2024-08-13T17:04:27","guid":{"rendered":"https:\/\/www.fxactionmagazine.it\/fx\/?p=7114"},"modified":"2024-08-13T17:04:56","modified_gmt":"2024-08-13T17:04:56","slug":"yago-martinez-voglio-regalare-una-vittoria-alla-tm","status":"publish","type":"post","link":"https:\/\/www.fxactionmagazine.it\/fx\/2024\/08\/13\/yago-martinez-voglio-regalare-una-vittoria-alla-tm\/","title":{"rendered":"Yago Martinez: \u201cVoglio regalare una vittoria alla TM\u201d"},"content":{"rendered":"<p><em>Parla il pilota spagnolo, seconda forza del Prestige Mx2: \u201cQuesto campionato mi piace, spero di correrci anche l\u2019anno prossimo\u201d<\/em><\/p>\n<figure id=\"attachment_7107\" aria-describedby=\"caption-attachment-7107\" style=\"width: 640px\" class=\"wp-caption alignnone\"><img loading=\"lazy\" decoding=\"async\" class=\"size-large wp-image-7107\" src=\"https:\/\/www.fxactionmagazine.it\/fx\/wp-content\/uploads\/2024\/08\/Yago-Martinez-ph.-Martina-Grande-1024x683.jpg\" alt=\"Yago Martinez - ph. Martina Grande\" width=\"640\" height=\"427\" data-wp-pid=\"7107\" srcset=\"https:\/\/www.fxactionmagazine.it\/fx\/wp-content\/uploads\/2024\/08\/Yago-Martinez-ph.-Martina-Grande-1024x683.jpg 1024w, https:\/\/www.fxactionmagazine.it\/fx\/wp-content\/uploads\/2024\/08\/Yago-Martinez-ph.-Martina-Grande-300x200.jpg 300w, https:\/\/www.fxactionmagazine.it\/fx\/wp-content\/uploads\/2024\/08\/Yago-Martinez-ph.-Martina-Grande-768x512.jpg 768w, https:\/\/www.fxactionmagazine.it\/fx\/wp-content\/uploads\/2024\/08\/Yago-Martinez-ph.-Martina-Grande-1536x1024.jpg 1536w, https:\/\/www.fxactionmagazine.it\/fx\/wp-content\/uploads\/2024\/08\/Yago-Martinez-ph.-Martina-Grande.jpg 1600w\" sizes=\"auto, (max-width: 640px) 100vw, 640px\" \/><figcaption id=\"caption-attachment-7107\" class=\"wp-caption-text\">Yago Martinez &#8211; ph. Martina Grande<\/figcaption><\/figure>\n<hr \/>\n<p>Uno spagnolo innamorato di una pesarese. Yago Martinez, 23 anni, \u00e8 l\u2019alfiere della TM nel campionato italiano 24MX \u2013 Borilli Pro Series Mx2. Secondo in classifica, \u00e8 l\u2019unico ad aver strappato almeno una manche al dominatore Valerio Lata, ma vuole di pi\u00f9: \u201cLa TM e i ragazzi del team Steels Dr Jack si meritano una vittoria\u201d.<\/p>\n<p><strong>Sei soddisfatto del tuo campionato Prestige finora?<\/strong><\/p>\n<p>\u201cDirei di s\u00ec. All\u2019inizio non sapevo in che posizione mi potevo classificare, anche perch\u00e9 non conoscevo il livello del campionato. Ora che ho preso le misure alla categoria, voglio chiudere la stagione vincendo almeno una gara\u201d.<\/p>\n<p><strong>Intanto sei l\u2019unico che \u00e8 riuscito a battere Lata almeno in una manche. Raccontaci quel duello finale a Ponte a Egola, che \u00e8 stato forse il momento pi\u00f9 bello della stagione.<\/strong><\/p>\n<p>\u201cS\u00ec, quella finora \u00e8 stata la gara pi\u00f9 bella e la pi\u00f9 divertente. La pista era molto difficile, sembrava quasi un tracciato da enduro. In gara-1 era quasi inguidabile, invece in gara-2 sono riuscito a vincere la manche ed \u00e8 stato bello vedere i ragazzi del team cos\u00ec contenti\u201d.<\/p>\n<hr \/>\n<figure id=\"attachment_7109\" aria-describedby=\"caption-attachment-7109\" style=\"width: 640px\" class=\"wp-caption alignnone\"><img loading=\"lazy\" decoding=\"async\" class=\"size-large wp-image-7109\" src=\"https:\/\/www.fxactionmagazine.it\/fx\/wp-content\/uploads\/2024\/08\/Yago-Martinez-ph.-Filippo-Colombo-1024x760.jpg\" alt=\"Yago Martinez - ph. Filippo Colombo\" width=\"640\" height=\"475\" data-wp-pid=\"7109\" srcset=\"https:\/\/www.fxactionmagazine.it\/fx\/wp-content\/uploads\/2024\/08\/Yago-Martinez-ph.-Filippo-Colombo-1024x760.jpg 1024w, https:\/\/www.fxactionmagazine.it\/fx\/wp-content\/uploads\/2024\/08\/Yago-Martinez-ph.-Filippo-Colombo-300x223.jpg 300w, https:\/\/www.fxactionmagazine.it\/fx\/wp-content\/uploads\/2024\/08\/Yago-Martinez-ph.-Filippo-Colombo-768x570.jpg 768w, https:\/\/www.fxactionmagazine.it\/fx\/wp-content\/uploads\/2024\/08\/Yago-Martinez-ph.-Filippo-Colombo-1536x1140.jpg 1536w, https:\/\/www.fxactionmagazine.it\/fx\/wp-content\/uploads\/2024\/08\/Yago-Martinez-ph.-Filippo-Colombo.jpg 1600w\" sizes=\"auto, (max-width: 640px) 100vw, 640px\" \/><figcaption id=\"caption-attachment-7109\" class=\"wp-caption-text\">Yago Martinez &#8211; ph. Filippo Colombo<\/figcaption><\/figure>\n<hr \/>\n<p><strong>Il tuo compagno di squadra Brando Rispoli sta correndo con una 250 2 tempi, che sembra andare molto forte. Non ti viene voglia di farci una gara anche tu?<\/strong><\/p>\n<p>\u201cS\u00ec, mi piacerebbe. Ora vediamo cosa fare a fine campionato, dipender\u00e0 molto da come sar\u00e0 la classifica, se saremo ancora in corsa per il titolo o no. Comunque sono molto contento anche della mia 250 4 tempi, che nel corso dell\u2019anno \u00e8 migliorata molto e adesso fa veramente paura. Ma devo dire che tutte le TM quest\u2019anno sono ottime moto, ho provato il 250 2 tempi e la 125 e vanno forte\u201d.<\/p>\n<p><strong>Sensazioni per Castiglione del Lago?<\/strong><\/p>\n<p>\u201cUna pista che conosco solo di nome. So che ha ospitato delle gare importanti, ma non ricordo di averci mai corso. Ora mi hanno detto che \u00e8 stata modificata e quindi sar\u00e0 nuova per tutti, non solo per me\u201d.<\/p>\n<hr \/>\n<figure id=\"attachment_7108\" aria-describedby=\"caption-attachment-7108\" style=\"width: 640px\" class=\"wp-caption alignnone\"><img loading=\"lazy\" decoding=\"async\" class=\"size-large wp-image-7108\" src=\"https:\/\/www.fxactionmagazine.it\/fx\/wp-content\/uploads\/2024\/08\/Yago-Martinez-ph.-Radio-Rider-1024x683.jpg\" alt=\"Yago Martinez - ph. Radio Rider\" width=\"640\" height=\"427\" data-wp-pid=\"7108\" srcset=\"https:\/\/www.fxactionmagazine.it\/fx\/wp-content\/uploads\/2024\/08\/Yago-Martinez-ph.-Radio-Rider-1024x683.jpg 1024w, https:\/\/www.fxactionmagazine.it\/fx\/wp-content\/uploads\/2024\/08\/Yago-Martinez-ph.-Radio-Rider-300x200.jpg 300w, https:\/\/www.fxactionmagazine.it\/fx\/wp-content\/uploads\/2024\/08\/Yago-Martinez-ph.-Radio-Rider-768x512.jpg 768w, https:\/\/www.fxactionmagazine.it\/fx\/wp-content\/uploads\/2024\/08\/Yago-Martinez-ph.-Radio-Rider-1536x1024.jpg 1536w, https:\/\/www.fxactionmagazine.it\/fx\/wp-content\/uploads\/2024\/08\/Yago-Martinez-ph.-Radio-Rider.jpg 1600w\" sizes=\"auto, (max-width: 640px) 100vw, 640px\" \/><figcaption id=\"caption-attachment-7108\" class=\"wp-caption-text\">Yago Martinez &#8211; ph. Radio Rider<\/figcaption><\/figure>\n<hr \/>\n<p><strong>Com\u2019\u00e8 il campionato italiano rispetto a quello spagnolo?<\/strong><\/p>\n<p>\u201cAl campionato spagnolo cercano di fare un formato di gara che sia uguale a quello del mondiale, ad esempio al sabato le qualifiche si fanno con le manche. Per\u00f2 in generale il campionato italiano mi sembra pi\u00f9 bello: ci sono pi\u00f9 piloti, c\u2019\u00e8 pi\u00f9 pubblico e il livello medio delle gare \u00e8 pi\u00f9 alto, anche se in Spagna pu\u00f2 capitare di trovarsi in gara dei top rider come Prado e Fernandez. Una cosa che non si fa in Spagna \u00e8 la gara B, anche perch\u00e9 di solito non c\u2019\u00e8 abbastanza gente. Penso sia giusto che anche i ragazzi che non si riescono a qualificare abbiano la possibilit\u00e0 di farsi due manche\u201d.<\/p>\n<p><strong>Ti piacerebbe continuare a correre qui l\u2019anno prossimo?<\/strong><\/p>\n<p>\u201cAncora non \u00e8 stato definito niente, ma se mi dicessero di scegliere, resterei assolutamente dove sono. Anzi, voglio cogliere quest\u2019occasione per ringraziare pubblicamente il team, la TM e tutti quelli che lavorano con me, perch\u00e9 mi sto trovando veramente bene con loro\u201d.<\/p>\n<p><em>La prossima gara del campionato italiano Prestige 24MX \u2013 Borilli Pro Series si correr\u00e0 il 31 agosto e 1 settembre a Castiglione del Lago.<\/em><\/p>\n<p style=\"text-align: right;\"><strong>Alessandro Castellani<\/strong><\/p>\n","protected":false},"excerpt":{"rendered":"<p>Parla il pilota spagnolo, seconda forza del Prestige Mx2: \u201cQuesto campionato mi piace, spero di correrci anche l\u2019anno prossimo\u201d Uno spagnolo innamorato di una pesarese. Yago Martinez, 23 anni, \u00e8 l\u2019alfiere della TM nel campionato italiano 24MX \u2013 Borilli Pro Series Mx2. Secondo in classifica, \u00e8 l\u2019unico ad aver strappato almeno una manche al dominatore [&hellip;]<\/p>\n","protected":false},"author":2,"featured_media":7107,"comment_status":"closed","ping_status":"closed","sticky":false,"template":"","format":"standard","meta":{"footnotes":""},"categories":[140],"tags":[],"ppma_author":[165],"class_list":["post-7114","post","type-post","status-publish","format-standard","has-post-thumbnail","hentry","category-italiano-prestige-mx1-mx2-2024"],"pp_statuses_selecting_workflow":false,"pp_workflow_action":"current","pp_status_selection":"publish","authors":[{"term_id":165,"user_id":2,"is_guest":0,"slug":"fxaction_castellani","display_name":"FXAction Press Press","avatar_url":"https:\/\/secure.gravatar.com\/avatar\/0212eec9298751952bb628e4cf0c6ce6ce916454b650736bf2b3d5c1e21cb525?s=96&d=mm&r=g","1":"","2":"","3":"","4":"","5":"","6":"","7":"","8":""}],"_links":{"self":[{"href":"https:\/\/www.fxactionmagazine.it\/fx\/wp-json\/wp\/v2\/posts\/7114","targetHints":{"allow":["GET"]}}],"collection":[{"href":"https:\/\/www.fxactionmagazine.it\/fx\/wp-json\/wp\/v2\/posts"}],"about":[{"href":"https:\/\/www.fxactionmagazine.it\/fx\/wp-json\/wp\/v2\/types\/post"}],"author":[{"embeddable":true,"href":"https:\/\/www.fxactionmagazine.it\/fx\/wp-json\/wp\/v2\/users\/2"}],"replies":[{"embeddable":true,"href":"https:\/\/www.fxactionmagazine.it\/fx\/wp-json\/wp\/v2\/comments?post=7114"}],"version-history":[{"count":-3,"href":"https:\/\/www.fxactionmagazine.it\/fx\/wp-json\/wp\/v2\/posts\/7114\/revisions"}],"wp:featuredmedia":[{"embeddable":true,"href":"https:\/\/www.fxactionmagazine.it\/fx\/wp-json\/wp\/v2\/media\/7107"}],"wp:attachment":[{"href":"https:\/\/www.fxactionmagazine.it\/fx\/wp-json\/wp\/v2\/media?parent=7114"}],"wp:term":[{"taxonomy":"category","embeddable":true,"href":"https:\/\/www.fxactionmagazine.it\/fx\/wp-json\/wp\/v2\/categories?post=7114"},{"taxonomy":"post_tag","embeddable":true,"href":"https:\/\/www.fxactionmagazine.it\/fx\/wp-json\/wp\/v2\/tags?post=7114"},{"taxonomy":"author","embeddable":true,"href":"https:\/\/www.fxactionmagazine.it\/fx\/wp-json\/wp\/v2\/ppma_author?post=7114"}],"curies":[{"name":"wp","href":"https:\/\/api.w.org\/{rel}","templated":true}]}}