{"id":7103,"date":"2024-08-13T14:03:36","date_gmt":"2024-08-13T14:03:36","guid":{"rendered":"https:\/\/www.fxactionmagazine.it\/fx\/?p=7103"},"modified":"2024-08-13T14:23:23","modified_gmt":"2024-08-13T14:23:23","slug":"alessandro-manucci-ci-tenevo-a-fare-una-bella-stagione-nella-elite","status":"publish","type":"post","link":"https:\/\/www.fxactionmagazine.it\/fx\/2024\/08\/13\/alessandro-manucci-ci-tenevo-a-fare-una-bella-stagione-nella-elite\/","title":{"rendered":"Alessandro Manucci: \u201cCi tenevo a fare una bella stagione nella Elite\u201d"},"content":{"rendered":"<p><em>Il campione in carica della Fast \u00e8 il veterano della Mx2: \u201cVoglio finire quest\u2019anno nei primi 3, poi vedremo se passare in Mx1\u201d<\/em><\/p>\n<figure id=\"attachment_7105\" aria-describedby=\"caption-attachment-7105\" style=\"width: 640px\" class=\"wp-caption alignnone\"><img loading=\"lazy\" decoding=\"async\" class=\"size-large wp-image-7105\" src=\"https:\/\/www.fxactionmagazine.it\/fx\/wp-content\/uploads\/2024\/08\/Alessandro-Manucci-ph.-Phawkmania-1024x683.jpg\" alt=\"Alessandro Manucci - ph. Phawkmania\" width=\"640\" height=\"427\" data-wp-pid=\"7105\" srcset=\"https:\/\/www.fxactionmagazine.it\/fx\/wp-content\/uploads\/2024\/08\/Alessandro-Manucci-ph.-Phawkmania-1024x683.jpg 1024w, https:\/\/www.fxactionmagazine.it\/fx\/wp-content\/uploads\/2024\/08\/Alessandro-Manucci-ph.-Phawkmania-300x200.jpg 300w, https:\/\/www.fxactionmagazine.it\/fx\/wp-content\/uploads\/2024\/08\/Alessandro-Manucci-ph.-Phawkmania-768x512.jpg 768w, https:\/\/www.fxactionmagazine.it\/fx\/wp-content\/uploads\/2024\/08\/Alessandro-Manucci-ph.-Phawkmania-1536x1024.jpg 1536w, https:\/\/www.fxactionmagazine.it\/fx\/wp-content\/uploads\/2024\/08\/Alessandro-Manucci-ph.-Phawkmania.jpg 1600w\" sizes=\"auto, (max-width: 640px) 100vw, 640px\" \/><figcaption id=\"caption-attachment-7105\" class=\"wp-caption-text\">Alessandro Manucci &#8211; ph. Phawkmania<\/figcaption><\/figure>\n<hr \/>\n<p><strong>Forl\u00ec <\/strong>\u2013 A 24 anni, <strong>Alessandro Manucci<\/strong> \u00e8 uno dei piloti pi\u00f9 esperti al via della classe Mx2 del campionato italiano motocross 24MX \u2013 Borilli Pro Series 2024. Il pilota romagnolo corre in questa categoria dal 2018, ha vinto per due volte il titolo della Fast (nel 2021 e nel 2023), ma nel 2022 non \u00e8 riuscito a correre neanche una gara, a causa di un grave infortunio, per cui quest&#8217;anno \u00e8 rimasto nella classe pi\u00f9 piccola con l\u2019obiettivo di \u201cdimostrare di poter arrivare davanti anche nella Elite\u201d. E ci sta riuscendo, visto che al momento occupa la terza posizione in classifica, in sella alla GasGas del team Motormix.<\/p>\n<p><strong>Come sta andando questa stagione?<\/strong><\/p>\n<p>\u201cMolto bene. Lottare l\u00ec davanti con piloti come Lata e Martinez, che fanno i professionisti a tempo pieno, \u00e8 una bella soddisfazione. Peccato per i punti persi a Cingoli, dove mi \u00e8 uscita la spalla in gara-2 e ne ho risentito parecchio anche a Montevarchi. Anche a Ponte a Egola, in una gara che era un terno al lotto per via del gran fango, sono venuto fuori bene\u201d.<\/p>\n<p><strong>Il podio di campionato era l\u2019obiettivo a cui puntavi dall\u2019inizio?<\/strong><\/p>\n<p>\u201cNella Mx2 a inizio stagione non sai mai cosa aspettarti, perch\u00e9 \u00e8 una categoria di giovani che possono migliorare tanto da un anno all\u2019altro. Io non avevo un obiettivo preciso, ma la gara di Mantova mi ha fatto capire che potevo stare in zona podio e quindi mi sono focalizzato su quello. In queste ultime due prove l\u2019obiettivo minimo \u00e8 mantenere il terzo posto assoluto, che sarebbe il secondo degli italiani. Se poi dovesse capitare l\u2019occasione giusta, si potrebbe pensare anche di attaccare Martinez\u201d.<\/p>\n<hr \/>\n<figure id=\"attachment_7104\" aria-describedby=\"caption-attachment-7104\" style=\"width: 640px\" class=\"wp-caption alignnone\"><img loading=\"lazy\" decoding=\"async\" class=\"size-large wp-image-7104\" src=\"https:\/\/www.fxactionmagazine.it\/fx\/wp-content\/uploads\/2024\/08\/Alessandro-Manucci-ph.-Stefano-Romboli-1024x686.jpg\" alt=\"Alessandro Manucci - ph. Stefano Romboli\" width=\"640\" height=\"429\" data-wp-pid=\"7104\" srcset=\"https:\/\/www.fxactionmagazine.it\/fx\/wp-content\/uploads\/2024\/08\/Alessandro-Manucci-ph.-Stefano-Romboli-1024x686.jpg 1024w, https:\/\/www.fxactionmagazine.it\/fx\/wp-content\/uploads\/2024\/08\/Alessandro-Manucci-ph.-Stefano-Romboli-300x201.jpg 300w, https:\/\/www.fxactionmagazine.it\/fx\/wp-content\/uploads\/2024\/08\/Alessandro-Manucci-ph.-Stefano-Romboli-768x515.jpg 768w, https:\/\/www.fxactionmagazine.it\/fx\/wp-content\/uploads\/2024\/08\/Alessandro-Manucci-ph.-Stefano-Romboli-1536x1029.jpg 1536w, https:\/\/www.fxactionmagazine.it\/fx\/wp-content\/uploads\/2024\/08\/Alessandro-Manucci-ph.-Stefano-Romboli.jpg 1600w\" sizes=\"auto, (max-width: 640px) 100vw, 640px\" \/><figcaption id=\"caption-attachment-7104\" class=\"wp-caption-text\">Alessandro Manucci &#8211; ph. Stefano Romboli<\/figcaption><\/figure>\n<hr \/>\n<p><strong>Rispetto all\u2019anno scorso, in Mx2 ci sono meno piloti di livello internazionale, ma stanno emergendo dei giovani interessanti provenienti dalla Rookies cup.<\/strong><\/p>\n<p>\u201cIn tutti gli sport, i giovani sono quelli che alzano sempre di pi\u00f9 l\u2019asticella del limite. Io credo che stia arrivando una buona generazione di piloti italiani: Rispoli e Bellei sono due ragazzi che potevano fare la Rookies cup, ma hanno anticipato di un anno il loro debutto in Mx2 e hanno gi\u00e0 fatto vedere ottime cose. E nel 2025 arriver\u00e0 anche Mancini, insieme ad altri. \u00c8 vero che l\u2019anno scorso in Mx2 c\u2019erano pi\u00f9 piloti con esperienza internazionale, ma quest\u2019anno Lata ha fatto un ulteriore step di crescita. Per vincere oggi bisogna battere Valerio e per farlo bisogna andare veramente forte\u201d.<\/p>\n<p><strong>A 24 anni sei ormai un veterano della Mx2, hai in mente di restarci o di passare in Mx1?<\/strong><\/p>\n<p>\u201cPer l\u2019anno prossimo non c\u2019\u00e8 niente di sicuro, valuter\u00f2 alla fine del campionato. Di sicuro mi piacerebbe continuare col team Motormix, ma non so ancora se passare in Mx1 o continuare con la 250. Quest\u2019anno ho deciso di restare in Mx2 perch\u00e9 volevo fare una stagione come si deve nella Elite, che ancora non ero riuscito a fare a causa dell\u2019infortunio che mi ha bloccato nel 2022\u201d.<\/p>\n<hr \/>\n<figure id=\"attachment_7106\" aria-describedby=\"caption-attachment-7106\" style=\"width: 640px\" class=\"wp-caption alignnone\"><img loading=\"lazy\" decoding=\"async\" class=\"size-large wp-image-7106\" src=\"https:\/\/www.fxactionmagazine.it\/fx\/wp-content\/uploads\/2024\/08\/Alessandro-Manucci-ph.-Radio-Rider-1024x683.jpg\" alt=\"Alessandro Manucci - ph. Radio Rider\" width=\"640\" height=\"427\" data-wp-pid=\"7106\" srcset=\"https:\/\/www.fxactionmagazine.it\/fx\/wp-content\/uploads\/2024\/08\/Alessandro-Manucci-ph.-Radio-Rider-1024x683.jpg 1024w, https:\/\/www.fxactionmagazine.it\/fx\/wp-content\/uploads\/2024\/08\/Alessandro-Manucci-ph.-Radio-Rider-300x200.jpg 300w, https:\/\/www.fxactionmagazine.it\/fx\/wp-content\/uploads\/2024\/08\/Alessandro-Manucci-ph.-Radio-Rider-768x512.jpg 768w, https:\/\/www.fxactionmagazine.it\/fx\/wp-content\/uploads\/2024\/08\/Alessandro-Manucci-ph.-Radio-Rider-1536x1024.jpg 1536w, https:\/\/www.fxactionmagazine.it\/fx\/wp-content\/uploads\/2024\/08\/Alessandro-Manucci-ph.-Radio-Rider.jpg 1600w\" sizes=\"auto, (max-width: 640px) 100vw, 640px\" \/><figcaption id=\"caption-attachment-7106\" class=\"wp-caption-text\">Alessandro Manucci &#8211; ph. Radio Rider<\/figcaption><\/figure>\n<hr \/>\n<p><strong>Visto che non fai il pilota a tempo pieno, come riesci a organizzare i tuoi impegni di lavoro con la necessit\u00e0 di allenarti per competere con i professionisti?<\/strong><\/p>\n<p>\u201cQuando ho vinto l\u2019italiano Fast nel 2021, lavoravo come operaio nell\u2019azienda di un amico, che mi aveva dato la possibilit\u00e0 di ricominciare a correre, visto che avevo deciso di smettere. Ora mi dedico a corsi e a progetti per bambini in collaborazione col moto club Ravenna ed \u00e8 una cosa che mi porta via molto tempo. Inoltre devo gestire la moto da solo insieme a mio padre. Questo chiaramente non mi permette di allenarmi come un pilota che lo fa a tempo pieno. Ma ho avuto la mia occasione in passato, ora devo organizzarmi\u201d.<\/p>\n<p><strong>Oltre che nell\u2019allenamento, in cosa credi che siano superiori Lata e Martinez rispetto a te?<\/strong><\/p>\n<p>\u201cLoro sono piloti ufficiali, o comunque supportati ufficialmente dalle Case, e quindi dispongono di materiali e pezzi speciali che io sulla mia moto non ho. Sono piccole cose, ma alla fine tutto fa brodo. Questo per\u00f2 non vuole assolutamente sminuire Lata, che \u00e8 un talento straordinario fin da quando ero bambino. Personalmente credo che, se sto al top della forma, posso puntare a giocarmela con Yago\u201d.<\/p>\n<p><strong>C\u2019\u00e8 una pista che secondo te non dovrebbe mai mancare dal campionato Prestige?<\/strong><\/p>\n<p>\u201cIo ho dei gusti un po\u2019 particolari e in Italia non ci sono tante piste che mi fanno impazzire. Una che mi piace e su cui sono sempre andato forte \u00e8 Cavallara, inoltre non vedo l\u2019ora di correre sulla nuova pista di Faenza, che per me sarebbe la gara di casa. Viceversa, Montevarchi \u00e8 uno di quei circuiti dove non riesco proprio a trovare il feeling\u201d.<\/p>\n<p><em>La prossima gara del campionato italiano Prestige 24MX &#8211; Borilli Pro Series si correr\u00e0 il 31 agosto e 1 settembre a Castiglione del Lago.<\/em><\/p>\n<p style=\"text-align: right;\"><strong>Alessandro Castellani<\/strong><\/p>\n","protected":false},"excerpt":{"rendered":"<p>Il campione in carica della Fast \u00e8 il veterano della Mx2: \u201cVoglio finire quest\u2019anno nei primi 3, poi vedremo se passare in Mx1\u201d Forl\u00ec \u2013 A 24 anni, Alessandro Manucci \u00e8 uno dei piloti pi\u00f9 esperti al via della classe Mx2 del campionato italiano motocross 24MX \u2013 Borilli Pro Series 2024. Il pilota romagnolo corre [&hellip;]<\/p>\n","protected":false},"author":2,"featured_media":7105,"comment_status":"closed","ping_status":"closed","sticky":false,"template":"","format":"standard","meta":{"footnotes":""},"categories":[140],"tags":[],"ppma_author":[165],"class_list":["post-7103","post","type-post","status-publish","format-standard","has-post-thumbnail","hentry","category-italiano-prestige-mx1-mx2-2024"],"pp_statuses_selecting_workflow":false,"pp_workflow_action":"current","pp_status_selection":"publish","authors":[{"term_id":165,"user_id":2,"is_guest":0,"slug":"fxaction_castellani","display_name":"FXAction Press Press","avatar_url":"https:\/\/secure.gravatar.com\/avatar\/0212eec9298751952bb628e4cf0c6ce6ce916454b650736bf2b3d5c1e21cb525?s=96&d=mm&r=g","1":"","2":"","3":"","4":"","5":"","6":"","7":"","8":""}],"_links":{"self":[{"href":"https:\/\/www.fxactionmagazine.it\/fx\/wp-json\/wp\/v2\/posts\/7103","targetHints":{"allow":["GET"]}}],"collection":[{"href":"https:\/\/www.fxactionmagazine.it\/fx\/wp-json\/wp\/v2\/posts"}],"about":[{"href":"https:\/\/www.fxactionmagazine.it\/fx\/wp-json\/wp\/v2\/types\/post"}],"author":[{"embeddable":true,"href":"https:\/\/www.fxactionmagazine.it\/fx\/wp-json\/wp\/v2\/users\/2"}],"replies":[{"embeddable":true,"href":"https:\/\/www.fxactionmagazine.it\/fx\/wp-json\/wp\/v2\/comments?post=7103"}],"version-history":[{"count":-1,"href":"https:\/\/www.fxactionmagazine.it\/fx\/wp-json\/wp\/v2\/posts\/7103\/revisions"}],"wp:featuredmedia":[{"embeddable":true,"href":"https:\/\/www.fxactionmagazine.it\/fx\/wp-json\/wp\/v2\/media\/7105"}],"wp:attachment":[{"href":"https:\/\/www.fxactionmagazine.it\/fx\/wp-json\/wp\/v2\/media?parent=7103"}],"wp:term":[{"taxonomy":"category","embeddable":true,"href":"https:\/\/www.fxactionmagazine.it\/fx\/wp-json\/wp\/v2\/categories?post=7103"},{"taxonomy":"post_tag","embeddable":true,"href":"https:\/\/www.fxactionmagazine.it\/fx\/wp-json\/wp\/v2\/tags?post=7103"},{"taxonomy":"author","embeddable":true,"href":"https:\/\/www.fxactionmagazine.it\/fx\/wp-json\/wp\/v2\/ppma_author?post=7103"}],"curies":[{"name":"wp","href":"https:\/\/api.w.org\/{rel}","templated":true}]}}