{"id":6497,"date":"2024-03-18T14:17:40","date_gmt":"2024-03-18T14:17:40","guid":{"rendered":"https:\/\/www.fxactionmagazine.it\/fx\/?p=6497"},"modified":"2024-03-18T14:17:40","modified_gmt":"2024-03-18T14:17:40","slug":"mantova-rider-comments","status":"publish","type":"post","link":"https:\/\/www.fxactionmagazine.it\/fx\/2024\/03\/18\/mantova-rider-comments\/","title":{"rendered":"Mantova rider comments"},"content":{"rendered":"<p><em>Le parole dei protagonisti della prima prova del campionato italiano Prestige<\/em><\/p>\n<figure id=\"attachment_6503\" aria-describedby=\"caption-attachment-6503\" style=\"width: 640px\" class=\"wp-caption alignnone\"><img loading=\"lazy\" decoding=\"async\" class=\"size-large wp-image-6503\" src=\"https:\/\/www.fxactionmagazine.it\/fx\/wp-content\/uploads\/2024\/03\/IMG_7574-copia-1024x683.jpg\" alt=\"ph. Redbaz\" width=\"640\" height=\"427\" data-wp-pid=\"6503\" srcset=\"https:\/\/www.fxactionmagazine.it\/fx\/wp-content\/uploads\/2024\/03\/IMG_7574-copia-1024x683.jpg 1024w, https:\/\/www.fxactionmagazine.it\/fx\/wp-content\/uploads\/2024\/03\/IMG_7574-copia-300x200.jpg 300w, https:\/\/www.fxactionmagazine.it\/fx\/wp-content\/uploads\/2024\/03\/IMG_7574-copia-768x512.jpg 768w, https:\/\/www.fxactionmagazine.it\/fx\/wp-content\/uploads\/2024\/03\/IMG_7574-copia-1536x1024.jpg 1536w, https:\/\/www.fxactionmagazine.it\/fx\/wp-content\/uploads\/2024\/03\/IMG_7574-copia.jpg 1600w\" sizes=\"auto, (max-width: 640px) 100vw, 640px\" \/><figcaption id=\"caption-attachment-6503\" class=\"wp-caption-text\">ph. Redbaz<\/figcaption><\/figure>\n<hr \/>\n<p><strong>Mantova<\/strong> \u2013 Ecco le dichiarazioni dei protagonisti in pista e di alcuni ospiti d\u2019onore della prima prova del campionato italiano motocross Prestige 24MX \u2013 Borilli Pro Series, corsa ieri sulla pista di Mantova.<\/p>\n<hr \/>\n<figure id=\"attachment_6504\" aria-describedby=\"caption-attachment-6504\" style=\"width: 640px\" class=\"wp-caption alignnone\"><img loading=\"lazy\" decoding=\"async\" class=\"size-large wp-image-6504\" src=\"https:\/\/www.fxactionmagazine.it\/fx\/wp-content\/uploads\/2024\/03\/Isak-G\u202difting-ph.-Filippo-Colombo-1024x819.jpg\" alt=\"Isak G\u202difting - ph. Filippo Colombo\" width=\"640\" height=\"512\" data-wp-pid=\"6504\" srcset=\"https:\/\/www.fxactionmagazine.it\/fx\/wp-content\/uploads\/2024\/03\/Isak-G\u202difting-ph.-Filippo-Colombo-1024x819.jpg 1024w, https:\/\/www.fxactionmagazine.it\/fx\/wp-content\/uploads\/2024\/03\/Isak-G\u202difting-ph.-Filippo-Colombo-300x240.jpg 300w, https:\/\/www.fxactionmagazine.it\/fx\/wp-content\/uploads\/2024\/03\/Isak-G\u202difting-ph.-Filippo-Colombo-768x614.jpg 768w, https:\/\/www.fxactionmagazine.it\/fx\/wp-content\/uploads\/2024\/03\/Isak-G\u202difting-ph.-Filippo-Colombo-1536x1229.jpg 1536w, https:\/\/www.fxactionmagazine.it\/fx\/wp-content\/uploads\/2024\/03\/Isak-G\u202difting-ph.-Filippo-Colombo.jpg 1600w\" sizes=\"auto, (max-width: 640px) 100vw, 640px\" \/><figcaption id=\"caption-attachment-6504\" class=\"wp-caption-text\">Isak G\u202difting &#8211; ph. Filippo Colombo<\/figcaption><\/figure>\n<p><strong>MX1<\/strong><\/p>\n<p><strong>Isak Gifting (Yamaha) \u2013 Winner:<\/strong> \u201cLa settimana scorsa ho avuto un brutto incidente in Argentina e qui a Mantova ho dovuto lavorare su me stesso per ritrovare la velocit\u00e0. Nella prima manche sono caduto al via ed \u00e8 stata dura recuperare fino al sesto posto. Invece nella seconda sono partito meglio, sono passato in testa rapidamente e ho controllato la gara. Sono stato fortunato a vincere l\u2019assoluta con un sesto e un primo posto, ma \u00e8 una sensazione bellissima. Ringrazio il team, \u00e8 un grande giorno per tutti noi\u201d.<\/p>\n<hr \/>\n<figure id=\"attachment_6498\" aria-describedby=\"caption-attachment-6498\" style=\"width: 640px\" class=\"wp-caption alignnone\"><img loading=\"lazy\" decoding=\"async\" class=\"size-large wp-image-6498\" src=\"https:\/\/www.fxactionmagazine.it\/fx\/wp-content\/uploads\/2024\/03\/Alessandro-Lupino-ph.-Cristiano-Morello-1024x683.jpg\" alt=\"Alessandro Lupino - ph. Cristiano Morello\" width=\"640\" height=\"427\" data-wp-pid=\"6498\" srcset=\"https:\/\/www.fxactionmagazine.it\/fx\/wp-content\/uploads\/2024\/03\/Alessandro-Lupino-ph.-Cristiano-Morello-1024x683.jpg 1024w, https:\/\/www.fxactionmagazine.it\/fx\/wp-content\/uploads\/2024\/03\/Alessandro-Lupino-ph.-Cristiano-Morello-300x200.jpg 300w, https:\/\/www.fxactionmagazine.it\/fx\/wp-content\/uploads\/2024\/03\/Alessandro-Lupino-ph.-Cristiano-Morello-768x512.jpg 768w, https:\/\/www.fxactionmagazine.it\/fx\/wp-content\/uploads\/2024\/03\/Alessandro-Lupino-ph.-Cristiano-Morello-1536x1024.jpg 1536w, https:\/\/www.fxactionmagazine.it\/fx\/wp-content\/uploads\/2024\/03\/Alessandro-Lupino-ph.-Cristiano-Morello.jpg 1600w\" sizes=\"auto, (max-width: 640px) 100vw, 640px\" \/><figcaption id=\"caption-attachment-6498\" class=\"wp-caption-text\">Alessandro Lupino &#8211; ph. Cristiano Morello<\/figcaption><\/figure>\n<p><strong>Alessandro Lupino (Ducati) \u2013 2nd place:<\/strong> \u201cLe qualifiche e la prima manche sono state perfette, oltre ogni immaginazione. In gara-2, invece, ho sbagliato la partenza e poi non ho mai preso il giusto ritmo. L\u2019ingegnere della Ducati mi ha detto che \u00e8 contento, perch\u00e9 in questo modo hanno acquisito dei dati sulla moto anche quando \u00e8 in bagarre con le altre. Io avrei preferito fare tutte e due le manche da solo in testa, ma alla fine sono felice di questo weekend, di tutta la gente che \u00e8 venuta a fare il tifo e del clima che si respira in Ducati. Questa moto ha solo sette mesi di vita, non sapevamo nemmeno se sarebbe arrivata al traguardo. Direi che il secondo posto all\u2019esordio \u00e8 un risultato che ci soddisfa alla grande\u201d.<\/p>\n<hr \/>\n<figure id=\"attachment_6502\" aria-describedby=\"caption-attachment-6502\" style=\"width: 640px\" class=\"wp-caption alignnone\"><img loading=\"lazy\" decoding=\"async\" class=\"size-large wp-image-6502\" src=\"https:\/\/www.fxactionmagazine.it\/fx\/wp-content\/uploads\/2024\/03\/Giuseppe-Tropepe-ph.-Matteo-Buccarini-1024x683.jpg\" alt=\"Giuseppe Tropepe - ph. Matteo Buccarini\" width=\"640\" height=\"427\" data-wp-pid=\"6502\" srcset=\"https:\/\/www.fxactionmagazine.it\/fx\/wp-content\/uploads\/2024\/03\/Giuseppe-Tropepe-ph.-Matteo-Buccarini-1024x683.jpg 1024w, https:\/\/www.fxactionmagazine.it\/fx\/wp-content\/uploads\/2024\/03\/Giuseppe-Tropepe-ph.-Matteo-Buccarini-300x200.jpg 300w, https:\/\/www.fxactionmagazine.it\/fx\/wp-content\/uploads\/2024\/03\/Giuseppe-Tropepe-ph.-Matteo-Buccarini-768x512.jpg 768w, https:\/\/www.fxactionmagazine.it\/fx\/wp-content\/uploads\/2024\/03\/Giuseppe-Tropepe-ph.-Matteo-Buccarini-1536x1024.jpg 1536w, https:\/\/www.fxactionmagazine.it\/fx\/wp-content\/uploads\/2024\/03\/Giuseppe-Tropepe-ph.-Matteo-Buccarini.jpg 1600w\" sizes=\"auto, (max-width: 640px) 100vw, 640px\" \/><figcaption id=\"caption-attachment-6502\" class=\"wp-caption-text\">Giuseppe Tropepe &#8211; ph. Matteo Buccarini<\/figcaption><\/figure>\n<p><strong>Giuseppe Tropepe (Honda) \u2013 3rd place:<\/strong> \u201cDopo pi\u00f9 di un anno di assenza dalle gare, ho dovuto iniziare la stagione con molta calma e sinceramente non mi aspettavo di andare gi\u00e0 cos\u00ec forte. La seconda manche \u00e8 stata davvero tosta: ho fatto una bella partenza, ma poi per un contatto con un altro pilota sono caduto e ho dovuto rimontare. Ho dato tutto, ma la mia condizione fisica non \u00e8 ancora al top e alla fine ero veramente esausto. Comunque sono molto contento di questo podio, significa che con il team abbiamo fatto le cose nel modo giusto\u201d.<\/p>\n<hr \/>\n<figure id=\"attachment_6500\" aria-describedby=\"caption-attachment-6500\" style=\"width: 640px\" class=\"wp-caption alignnone\"><img loading=\"lazy\" decoding=\"async\" class=\"size-large wp-image-6500\" src=\"https:\/\/www.fxactionmagazine.it\/fx\/wp-content\/uploads\/2024\/03\/Emilio-Scuteri-ph.-Redbaz-1024x683.jpg\" alt=\"Emilio Scuteri - ph. Redbaz\" width=\"640\" height=\"427\" data-wp-pid=\"6500\" srcset=\"https:\/\/www.fxactionmagazine.it\/fx\/wp-content\/uploads\/2024\/03\/Emilio-Scuteri-ph.-Redbaz-1024x683.jpg 1024w, https:\/\/www.fxactionmagazine.it\/fx\/wp-content\/uploads\/2024\/03\/Emilio-Scuteri-ph.-Redbaz-300x200.jpg 300w, https:\/\/www.fxactionmagazine.it\/fx\/wp-content\/uploads\/2024\/03\/Emilio-Scuteri-ph.-Redbaz-768x512.jpg 768w, https:\/\/www.fxactionmagazine.it\/fx\/wp-content\/uploads\/2024\/03\/Emilio-Scuteri-ph.-Redbaz-1536x1024.jpg 1536w, https:\/\/www.fxactionmagazine.it\/fx\/wp-content\/uploads\/2024\/03\/Emilio-Scuteri-ph.-Redbaz.jpg 1600w\" sizes=\"auto, (max-width: 640px) 100vw, 640px\" \/><figcaption id=\"caption-attachment-6500\" class=\"wp-caption-text\">Emilio Scuteri &#8211; ph. Redbaz<\/figcaption><\/figure>\n<p><strong>Emilio Scuteri (Honda) \u2013 4th overall:<\/strong> \u201cNella prima manche ho sofferto con le braccia indurite ed ero molto deluso, perch\u00e9 sapevo di poter fare meglio. In gara-2 sono riuscito a risolvere i problemi, sono partito davanti e sono rimasto secondo fino alla fine. Qualche mese fa stavo pensando di ritirarmi, perch\u00e9 gli infortuni uno dopo l\u2019altro mi avevano demoralizzato totalmente. Per fortuna mi sono rimesso in carreggiata e questo risultato mi d\u00e0 il morale per continuare a lavorare e cercare di migliorare sempre di pi\u00f9\u201d.<\/p>\n<hr \/>\n<figure id=\"attachment_6506\" aria-describedby=\"caption-attachment-6506\" style=\"width: 640px\" class=\"wp-caption alignnone\"><img loading=\"lazy\" decoding=\"async\" class=\"size-large wp-image-6506\" src=\"https:\/\/www.fxactionmagazine.it\/fx\/wp-content\/uploads\/2024\/03\/Valerio-Lata-ph.-Gian-Maria-Soglia-1024x665.jpg\" alt=\"Valerio Lata - ph. Gian Maria Soglia\" width=\"640\" height=\"416\" data-wp-pid=\"6506\" srcset=\"https:\/\/www.fxactionmagazine.it\/fx\/wp-content\/uploads\/2024\/03\/Valerio-Lata-ph.-Gian-Maria-Soglia-1024x665.jpg 1024w, https:\/\/www.fxactionmagazine.it\/fx\/wp-content\/uploads\/2024\/03\/Valerio-Lata-ph.-Gian-Maria-Soglia-300x195.jpg 300w, https:\/\/www.fxactionmagazine.it\/fx\/wp-content\/uploads\/2024\/03\/Valerio-Lata-ph.-Gian-Maria-Soglia-768x499.jpg 768w, https:\/\/www.fxactionmagazine.it\/fx\/wp-content\/uploads\/2024\/03\/Valerio-Lata-ph.-Gian-Maria-Soglia-1536x997.jpg 1536w, https:\/\/www.fxactionmagazine.it\/fx\/wp-content\/uploads\/2024\/03\/Valerio-Lata-ph.-Gian-Maria-Soglia.jpg 1600w\" sizes=\"auto, (max-width: 640px) 100vw, 640px\" \/><figcaption id=\"caption-attachment-6506\" class=\"wp-caption-text\">Valerio Lata &#8211; ph. Gian Maria Soglia<\/figcaption><\/figure>\n<p><strong>MX2<\/strong><\/p>\n<p><strong>Valerio Lata (GasGas) \u2013 Winner: <\/strong>\u201cFino a pochi giorni fa non sapevo nemmeno se avrei corso, a causa di un infortunio al braccio, invece sono venuto a Mantova e ho conquistato il primo posto in tutte le sessioni di prova e nelle due manche. Meglio di cos\u00ec non poteva andare. Questo mese \u00e8 stato difficile, per\u00f2 ci tenevo davvero tanto a essere qui e fare bella figura. Ringrazio i medici che mi hanno seguito in questo periodo, il team e la famiglia. Ci vediamo a Cingoli\u201d.<\/p>\n<hr \/>\n<figure id=\"attachment_6507\" aria-describedby=\"caption-attachment-6507\" style=\"width: 640px\" class=\"wp-caption alignnone\"><img loading=\"lazy\" decoding=\"async\" class=\"size-large wp-image-6507\" src=\"https:\/\/www.fxactionmagazine.it\/fx\/wp-content\/uploads\/2024\/03\/Yago-Martinez-ph.-Matteo-Buccarini-1024x683.jpg\" alt=\"Yago Martinez - ph. Matteo Buccarini\" width=\"640\" height=\"427\" data-wp-pid=\"6507\" srcset=\"https:\/\/www.fxactionmagazine.it\/fx\/wp-content\/uploads\/2024\/03\/Yago-Martinez-ph.-Matteo-Buccarini-1024x683.jpg 1024w, https:\/\/www.fxactionmagazine.it\/fx\/wp-content\/uploads\/2024\/03\/Yago-Martinez-ph.-Matteo-Buccarini-300x200.jpg 300w, https:\/\/www.fxactionmagazine.it\/fx\/wp-content\/uploads\/2024\/03\/Yago-Martinez-ph.-Matteo-Buccarini-768x512.jpg 768w, https:\/\/www.fxactionmagazine.it\/fx\/wp-content\/uploads\/2024\/03\/Yago-Martinez-ph.-Matteo-Buccarini-1536x1024.jpg 1536w, https:\/\/www.fxactionmagazine.it\/fx\/wp-content\/uploads\/2024\/03\/Yago-Martinez-ph.-Matteo-Buccarini.jpg 1600w\" sizes=\"auto, (max-width: 640px) 100vw, 640px\" \/><figcaption id=\"caption-attachment-6507\" class=\"wp-caption-text\">Yago Martinez &#8211; ph. Matteo Buccarini<\/figcaption><\/figure>\n<p><strong>Yago Martinez (TM) \u2013 2nd place<\/strong>: \u201cSono contento, stiamo lavorando bene con il team e con la TM. La prossima settimana abbiamo una gara di campionato del mondo e questo risultato ci permette di avere fiducia per proseguire la stagione. Continuiamo cos\u00ec\u201d.<\/p>\n<hr \/>\n<figure id=\"attachment_6499\" aria-describedby=\"caption-attachment-6499\" style=\"width: 640px\" class=\"wp-caption alignnone\"><img loading=\"lazy\" decoding=\"async\" class=\"size-large wp-image-6499\" src=\"https:\/\/www.fxactionmagazine.it\/fx\/wp-content\/uploads\/2024\/03\/Alessandro-Manucci-ph.-Matteo-Buccarini-1024x683.jpg\" alt=\"Alessandro Manucci - ph. Matteo Buccarini\" width=\"640\" height=\"427\" data-wp-pid=\"6499\" srcset=\"https:\/\/www.fxactionmagazine.it\/fx\/wp-content\/uploads\/2024\/03\/Alessandro-Manucci-ph.-Matteo-Buccarini-1024x683.jpg 1024w, https:\/\/www.fxactionmagazine.it\/fx\/wp-content\/uploads\/2024\/03\/Alessandro-Manucci-ph.-Matteo-Buccarini-300x200.jpg 300w, https:\/\/www.fxactionmagazine.it\/fx\/wp-content\/uploads\/2024\/03\/Alessandro-Manucci-ph.-Matteo-Buccarini-768x512.jpg 768w, https:\/\/www.fxactionmagazine.it\/fx\/wp-content\/uploads\/2024\/03\/Alessandro-Manucci-ph.-Matteo-Buccarini-1536x1024.jpg 1536w, https:\/\/www.fxactionmagazine.it\/fx\/wp-content\/uploads\/2024\/03\/Alessandro-Manucci-ph.-Matteo-Buccarini.jpg 1600w\" sizes=\"auto, (max-width: 640px) 100vw, 640px\" \/><figcaption id=\"caption-attachment-6499\" class=\"wp-caption-text\">Alessandro Manucci &#8211; ph. Matteo Buccarini<\/figcaption><\/figure>\n<p><strong>Alessandro Manucci (GasGas) \u2013 3rd place<\/strong>: \u201c\u00c8 bellissimo fare il primo podio della mia carriera nella categoria Elite. Peccato che nella prima manche ho avuto un piccolo problema alla moto, altrimenti forse sarei potuto arrivare ancora pi\u00f9 avanti e fare secondo assoluto. Per\u00f2 sono contentissimo lo stesso, ringrazio tutti quelli che mi sostengono\u201d.<\/p>\n<hr \/>\n<figure id=\"attachment_6501\" aria-describedby=\"caption-attachment-6501\" style=\"width: 640px\" class=\"wp-caption alignnone\"><img loading=\"lazy\" decoding=\"async\" class=\"size-large wp-image-6501\" src=\"https:\/\/www.fxactionmagazine.it\/fx\/wp-content\/uploads\/2024\/03\/Francesco-Bellei-ph.-Redbaz-1024x683.jpg\" alt=\"Francesco Bellei - ph. Redbaz\" width=\"640\" height=\"427\" data-wp-pid=\"6501\" srcset=\"https:\/\/www.fxactionmagazine.it\/fx\/wp-content\/uploads\/2024\/03\/Francesco-Bellei-ph.-Redbaz-1024x683.jpg 1024w, https:\/\/www.fxactionmagazine.it\/fx\/wp-content\/uploads\/2024\/03\/Francesco-Bellei-ph.-Redbaz-300x200.jpg 300w, https:\/\/www.fxactionmagazine.it\/fx\/wp-content\/uploads\/2024\/03\/Francesco-Bellei-ph.-Redbaz-768x512.jpg 768w, https:\/\/www.fxactionmagazine.it\/fx\/wp-content\/uploads\/2024\/03\/Francesco-Bellei-ph.-Redbaz-1536x1024.jpg 1536w, https:\/\/www.fxactionmagazine.it\/fx\/wp-content\/uploads\/2024\/03\/Francesco-Bellei-ph.-Redbaz.jpg 1600w\" sizes=\"auto, (max-width: 640px) 100vw, 640px\" \/><figcaption id=\"caption-attachment-6501\" class=\"wp-caption-text\">Francesco Bellei &#8211; ph. Redbaz<\/figcaption><\/figure>\n<p><strong>Francesco Bellei (KTM) \u2013 6th overall<\/strong>: \u201cSono arrivato qui senza sapere esattamente cosa aspettarmi, visto che era la mia prima gara nel Prestige. Nella prima manche sono partito bene, ho tenuto il ritmo dei primi e sono riuscito anche a fare dei sorpassi, finendo terzo. In gara-2 invece ho avuto qualche problema con la moto, ho corso molti rischi e sono anche caduto all\u2019ultimo giro. Per\u00f2 ho la tabella rossa della Fast, per cui non mi posso lamentare. Ringrazio il team, la famiglia e le persone che mi supportano\u201d.<\/p>\n<hr \/>\n<figure id=\"attachment_6505\" aria-describedby=\"caption-attachment-6505\" style=\"width: 640px\" class=\"wp-caption alignnone\"><img loading=\"lazy\" decoding=\"async\" class=\"size-large wp-image-6505\" src=\"https:\/\/www.fxactionmagazine.it\/fx\/wp-content\/uploads\/2024\/03\/Partenza-ph.-Gianfranco-Passera-1024x683.jpg\" alt=\"Partenza - ph. Gianfranco Passera\" width=\"640\" height=\"427\" data-wp-pid=\"6505\" srcset=\"https:\/\/www.fxactionmagazine.it\/fx\/wp-content\/uploads\/2024\/03\/Partenza-ph.-Gianfranco-Passera-1024x683.jpg 1024w, https:\/\/www.fxactionmagazine.it\/fx\/wp-content\/uploads\/2024\/03\/Partenza-ph.-Gianfranco-Passera-300x200.jpg 300w, https:\/\/www.fxactionmagazine.it\/fx\/wp-content\/uploads\/2024\/03\/Partenza-ph.-Gianfranco-Passera-768x512.jpg 768w, https:\/\/www.fxactionmagazine.it\/fx\/wp-content\/uploads\/2024\/03\/Partenza-ph.-Gianfranco-Passera-1536x1024.jpg 1536w, https:\/\/www.fxactionmagazine.it\/fx\/wp-content\/uploads\/2024\/03\/Partenza-ph.-Gianfranco-Passera.jpg 1600w\" sizes=\"auto, (max-width: 640px) 100vw, 640px\" \/><figcaption id=\"caption-attachment-6505\" class=\"wp-caption-text\">Partenza &#8211; ph. Gianfranco Passera<\/figcaption><\/figure>\n<p><strong>Claudio Domenicali \u2013 CEO Ducati:<\/strong> \u201cNon pensavamo di andare cos\u00ec forte fin dalla prima gara. Merito di Lupino, che \u00e8 stato bravissimo, ma possiamo sicuramente dire anche che la nostra moto \u00e8 nata bene. Ho visto che \u00e8 venuto molto pubblico e questo significa che Ducati ha avuto un impatto importante nel mondo del motocross. Anche gli appassionati di altre marche sono curiosi di vedere come si comporta un motore desmodromico nel fuoristrada: un elemento di novit\u00e0 assoluto, che sono convinto dar\u00e0 un valore aggiunto ancora pi\u00f9 grande sulla moto 250, che stiamo sviluppando\u201d.<\/p>\n<p><strong>Rocco Siffredi \u2013 Actor<\/strong>: \u201cSono venuto a Mantova per tifare Manuel Iacopi, un ragazzo che lavora durante la settimana e si allena quando pu\u00f2, ma riesce comunque a stare sempre coi migliori. E ovviamente anche per vedere il debutto della Ducati. Riccardo Boschi del team JK Racing mi aveva detto che il campionato italiano mi avrebbe stupito e devo dire che aveva ragione: ci sono tanti piloti, c\u2019\u00e8 tanto pubblico ed \u00e8 veramente uno spettacolo\u201d.<\/p>\n","protected":false},"excerpt":{"rendered":"<p>Le parole dei protagonisti della prima prova del campionato italiano Prestige Mantova \u2013 Ecco le dichiarazioni dei protagonisti in pista e di alcuni ospiti d\u2019onore della prima prova del campionato italiano motocross Prestige 24MX \u2013 Borilli Pro Series, corsa ieri sulla pista di Mantova. MX1 Isak Gifting (Yamaha) \u2013 Winner: \u201cLa settimana scorsa ho avuto [&hellip;]<\/p>\n","protected":false},"author":2,"featured_media":6503,"comment_status":"closed","ping_status":"closed","sticky":false,"template":"","format":"standard","meta":{"footnotes":""},"categories":[140],"tags":[],"ppma_author":[165],"class_list":["post-6497","post","type-post","status-publish","format-standard","has-post-thumbnail","hentry","category-italiano-prestige-mx1-mx2-2024"],"pp_statuses_selecting_workflow":false,"pp_workflow_action":"current","pp_status_selection":"publish","authors":[{"term_id":165,"user_id":2,"is_guest":0,"slug":"fxaction_castellani","display_name":"FXAction Press Press","avatar_url":"https:\/\/secure.gravatar.com\/avatar\/0212eec9298751952bb628e4cf0c6ce6ce916454b650736bf2b3d5c1e21cb525?s=96&d=mm&r=g","1":"","2":"","3":"","4":"","5":"","6":"","7":"","8":""}],"_links":{"self":[{"href":"https:\/\/www.fxactionmagazine.it\/fx\/wp-json\/wp\/v2\/posts\/6497","targetHints":{"allow":["GET"]}}],"collection":[{"href":"https:\/\/www.fxactionmagazine.it\/fx\/wp-json\/wp\/v2\/posts"}],"about":[{"href":"https:\/\/www.fxactionmagazine.it\/fx\/wp-json\/wp\/v2\/types\/post"}],"author":[{"embeddable":true,"href":"https:\/\/www.fxactionmagazine.it\/fx\/wp-json\/wp\/v2\/users\/2"}],"replies":[{"embeddable":true,"href":"https:\/\/www.fxactionmagazine.it\/fx\/wp-json\/wp\/v2\/comments?post=6497"}],"version-history":[{"count":-4,"href":"https:\/\/www.fxactionmagazine.it\/fx\/wp-json\/wp\/v2\/posts\/6497\/revisions"}],"wp:featuredmedia":[{"embeddable":true,"href":"https:\/\/www.fxactionmagazine.it\/fx\/wp-json\/wp\/v2\/media\/6503"}],"wp:attachment":[{"href":"https:\/\/www.fxactionmagazine.it\/fx\/wp-json\/wp\/v2\/media?parent=6497"}],"wp:term":[{"taxonomy":"category","embeddable":true,"href":"https:\/\/www.fxactionmagazine.it\/fx\/wp-json\/wp\/v2\/categories?post=6497"},{"taxonomy":"post_tag","embeddable":true,"href":"https:\/\/www.fxactionmagazine.it\/fx\/wp-json\/wp\/v2\/tags?post=6497"},{"taxonomy":"author","embeddable":true,"href":"https:\/\/www.fxactionmagazine.it\/fx\/wp-json\/wp\/v2\/ppma_author?post=6497"}],"curies":[{"name":"wp","href":"https:\/\/api.w.org\/{rel}","templated":true}]}}