{"id":6242,"date":"2024-02-21T10:59:43","date_gmt":"2024-02-21T10:59:43","guid":{"rendered":"https:\/\/www.fxactionmagazine.it\/fx\/?p=6242"},"modified":"2024-02-21T10:59:43","modified_gmt":"2024-02-21T10:59:43","slug":"a-fiumicino-si-chiude-il-supermarecross-eicma","status":"publish","type":"post","link":"https:\/\/www.fxactionmagazine.it\/fx\/2024\/02\/21\/a-fiumicino-si-chiude-il-supermarecross-eicma\/","title":{"rendered":"A Fiumicino si chiude il Supermarecross EICMA"},"content":{"rendered":"<p><em>Sulla spiaggia di Maccarese sabato e domenica gli ultimi due round del campionato<\/em><\/p>\n<figure id=\"attachment_6245\" aria-describedby=\"caption-attachment-6245\" style=\"width: 640px\" class=\"wp-caption alignnone\"><img loading=\"lazy\" decoding=\"async\" class=\"size-large wp-image-6245\" src=\"https:\/\/www.fxactionmagazine.it\/fx\/wp-content\/uploads\/2024\/02\/Partenza-2-1024x684.jpg\" alt=\"Partenza - ph. Motocrossaddiction\" width=\"640\" height=\"428\" data-wp-pid=\"6245\" srcset=\"https:\/\/www.fxactionmagazine.it\/fx\/wp-content\/uploads\/2024\/02\/Partenza-2-1024x684.jpg 1024w, https:\/\/www.fxactionmagazine.it\/fx\/wp-content\/uploads\/2024\/02\/Partenza-2-300x200.jpg 300w, https:\/\/www.fxactionmagazine.it\/fx\/wp-content\/uploads\/2024\/02\/Partenza-2-768x513.jpg 768w, https:\/\/www.fxactionmagazine.it\/fx\/wp-content\/uploads\/2024\/02\/Partenza-2-1536x1025.jpg 1536w, https:\/\/www.fxactionmagazine.it\/fx\/wp-content\/uploads\/2024\/02\/Partenza-2.jpg 1600w\" sizes=\"auto, (max-width: 640px) 100vw, 640px\" \/><figcaption id=\"caption-attachment-6245\" class=\"wp-caption-text\">Partenza &#8211; ph. Motocrossaddiction<\/figcaption><\/figure>\n<hr \/>\n<p><strong>Fiumicino \u2013 <\/strong>Giusto il tempo di riprendersi dalla trasferta di Rosolina, che gli Internazionali d\u2019Italia EICMA Supermarecross sono pronti a tornare in scena. Sabato e domenica, <strong>24 e 25 febbraio<\/strong>, il campionato di motocross su sabbia affronta i due round conclusivi della stagione 2024 sulla spiaggia di Maccarese, nel comune di Fiumicino.<\/p>\n<p>L\u2019organizzazione della gara \u00e8 in capo al <strong>moto club Milani<\/strong>, che anche quest\u2019anno trova accoglienza nello stabilimento balneare della Polizia di stato.<\/p>\n<hr \/>\n<figure id=\"attachment_6247\" aria-describedby=\"caption-attachment-6247\" style=\"width: 640px\" class=\"wp-caption alignnone\"><img loading=\"lazy\" decoding=\"async\" class=\"size-large wp-image-6247\" src=\"https:\/\/www.fxactionmagazine.it\/fx\/wp-content\/uploads\/2024\/02\/Del-Coco-1024x686.jpg\" alt=\"Matteo Del Coco - ph. Roberto Grande\" width=\"640\" height=\"429\" data-wp-pid=\"6247\" srcset=\"https:\/\/www.fxactionmagazine.it\/fx\/wp-content\/uploads\/2024\/02\/Del-Coco-1024x686.jpg 1024w, https:\/\/www.fxactionmagazine.it\/fx\/wp-content\/uploads\/2024\/02\/Del-Coco-300x201.jpg 300w, https:\/\/www.fxactionmagazine.it\/fx\/wp-content\/uploads\/2024\/02\/Del-Coco-768x515.jpg 768w, https:\/\/www.fxactionmagazine.it\/fx\/wp-content\/uploads\/2024\/02\/Del-Coco-1536x1029.jpg 1536w, https:\/\/www.fxactionmagazine.it\/fx\/wp-content\/uploads\/2024\/02\/Del-Coco.jpg 1600w\" sizes=\"auto, (max-width: 640px) 100vw, 640px\" \/><figcaption id=\"caption-attachment-6247\" class=\"wp-caption-text\">Matteo Del Coco &#8211; ph. Roberto Grande<\/figcaption><\/figure>\n<hr \/>\n<p>Il Supermarecross EICMA quest\u2019anno ha mostrato un eccellente stato di salute, con grandi numeri d\u2019iscritti sia nella tappa in Sicilia che in quella in Veneto e gare molto divertenti. Rimane solo il litorale di Roma, che dovr\u00e0 assegnare gli ultimi punti in palio e proclamare i campioni delle varie categorie.<\/p>\n<p>Nella Pro Mx1 <strong>Matteo Del Coco<\/strong> (KTM \u2013 Brunetti motors) ha un buon vantaggio su Giovanni Bertuccelli (KTM \u2013 Pardi), che \u00e8 rimasto l\u2019unico con chance concrete di privarlo della gioia di confermarsi campione. Alessandro Lentini (Husqvarna \u2013 Berbenno) infatti \u00e8 terzo, ma troppo distanziato per sperare di tornare in corsa per il titolo.<\/p>\n<hr \/>\n<figure id=\"attachment_6248\" aria-describedby=\"caption-attachment-6248\" style=\"width: 640px\" class=\"wp-caption alignnone\"><img loading=\"lazy\" decoding=\"async\" class=\"size-large wp-image-6248\" src=\"https:\/\/www.fxactionmagazine.it\/fx\/wp-content\/uploads\/2024\/02\/Mancuso-1024x683.jpg\" alt=\"Antonio Mancuso - ph. Matteo Buccarini\" width=\"640\" height=\"427\" data-wp-pid=\"6248\" srcset=\"https:\/\/www.fxactionmagazine.it\/fx\/wp-content\/uploads\/2024\/02\/Mancuso-1024x683.jpg 1024w, https:\/\/www.fxactionmagazine.it\/fx\/wp-content\/uploads\/2024\/02\/Mancuso-300x200.jpg 300w, https:\/\/www.fxactionmagazine.it\/fx\/wp-content\/uploads\/2024\/02\/Mancuso-768x512.jpg 768w, https:\/\/www.fxactionmagazine.it\/fx\/wp-content\/uploads\/2024\/02\/Mancuso-1536x1024.jpg 1536w, https:\/\/www.fxactionmagazine.it\/fx\/wp-content\/uploads\/2024\/02\/Mancuso.jpg 1600w\" sizes=\"auto, (max-width: 640px) 100vw, 640px\" \/><figcaption id=\"caption-attachment-6248\" class=\"wp-caption-text\">Antonio Mancuso &#8211; ph. Matteo Buccarini<\/figcaption><\/figure>\n<hr \/>\n<p>Tutto da decidere nella Pro Mx2. Dopo quattro gare combattutissime, il veterano <strong>Antonio Mancuso<\/strong> (KTM \u2013 Valle del Belice) si ritrova al comando del campionato, davanti a un gruppo di giovani che aspettano il gran finale di Maccarese con l\u2019ambizione di ribaltare la classifica. Andrea Roberti (KTM \u2013 Pardi), Davide Brandini (KTM \u2013 Erresse), Pietro Razzini (Kawasaki \u2013 Fast energy) e Filippo Pivetta (KTM \u2013 Gaerne) hanno tutti dimostrato di poter vincere delle gare e, insieme a Mancuso, daranno spettacolo per contendersi il titolo.<\/p>\n<p><strong>Simone D\u2019Agata<\/strong> (GasGas \u2013 Vr63) \u00e8 il leader della 125, con un vantaggio rassicurante nei confronti di Tommaso Murgut (GasGas \u2013 Pino Medeot), che a sua volta ha oltre 400 punti di margine sul terzo in classifica, Samuele Piredda (KTM \u2013 Sas Taras Padru). A meno di colpi di scena, a Maccarese questi piloti lotteranno pi\u00f9 che altro per il successo di giornata, visto che le posizioni in campionato sembrano consolidate.<\/p>\n<hr \/>\n<figure id=\"attachment_6243\" aria-describedby=\"caption-attachment-6243\" style=\"width: 640px\" class=\"wp-caption alignnone\"><img loading=\"lazy\" decoding=\"async\" class=\"size-large wp-image-6243\" src=\"https:\/\/www.fxactionmagazine.it\/fx\/wp-content\/uploads\/2024\/02\/DAgata-e-Murgut-1024x676.jpg\" alt=\"Simone D'Agata e Tommaso Murgut - ph. Maurizio Boscarato\" width=\"640\" height=\"423\" data-wp-pid=\"6243\" srcset=\"https:\/\/www.fxactionmagazine.it\/fx\/wp-content\/uploads\/2024\/02\/DAgata-e-Murgut-1024x676.jpg 1024w, https:\/\/www.fxactionmagazine.it\/fx\/wp-content\/uploads\/2024\/02\/DAgata-e-Murgut-300x198.jpg 300w, https:\/\/www.fxactionmagazine.it\/fx\/wp-content\/uploads\/2024\/02\/DAgata-e-Murgut-768x507.jpg 768w, https:\/\/www.fxactionmagazine.it\/fx\/wp-content\/uploads\/2024\/02\/DAgata-e-Murgut-1536x1015.jpg 1536w, https:\/\/www.fxactionmagazine.it\/fx\/wp-content\/uploads\/2024\/02\/DAgata-e-Murgut.jpg 1600w\" sizes=\"auto, (max-width: 640px) 100vw, 640px\" \/><figcaption id=\"caption-attachment-6243\" class=\"wp-caption-text\">Simone D&#8217;Agata e Tommaso Murgut &#8211; ph. Maurizio Boscarato<\/figcaption><\/figure>\n<hr \/>\n<p>Per le categorie Pro e 125 a Maccarese \u00e8 in palio anche il <strong>trofeo Pirelli Vincenzo Lombardo<\/strong>, che ha accompagnato tutta questa stagione del Supermarecross, disegnando la sua classifica sulla scorta dei risultati delle manche Supercampione. Oltre alle premiazioni di giornata, in cui saliranno sul podio i migliori delle classi Mx1, Mx2 e 125, domenica sar\u00e0 proclamato il vincitore assoluto, che ricever\u00e0 in premio il grande trofeo e 5 treni di gomme Pirelli. Ci saranno anche delle targhe per i piloti meglio classificati in sella alle moto delle altre cilindrate. Attualmente il leader della classifica \u00e8 <strong>Giovanni Bertuccelli<\/strong>, con 4 punti di vantaggio su Matteo Del Coco, quindi tutto \u00e8 assolutamente da decidere.<\/p>\n<hr \/>\n<figure id=\"attachment_6244\" aria-describedby=\"caption-attachment-6244\" style=\"width: 640px\" class=\"wp-caption alignnone\"><img loading=\"lazy\" decoding=\"async\" class=\"size-large wp-image-6244\" src=\"https:\/\/www.fxactionmagazine.it\/fx\/wp-content\/uploads\/2024\/02\/Amali-1024x683.jpg\" alt=\"Cristian Amali - ph. Motocrossaddiction\" width=\"640\" height=\"427\" data-wp-pid=\"6244\" srcset=\"https:\/\/www.fxactionmagazine.it\/fx\/wp-content\/uploads\/2024\/02\/Amali-1024x683.jpg 1024w, https:\/\/www.fxactionmagazine.it\/fx\/wp-content\/uploads\/2024\/02\/Amali-300x200.jpg 300w, https:\/\/www.fxactionmagazine.it\/fx\/wp-content\/uploads\/2024\/02\/Amali-768x512.jpg 768w, https:\/\/www.fxactionmagazine.it\/fx\/wp-content\/uploads\/2024\/02\/Amali-1536x1024.jpg 1536w, https:\/\/www.fxactionmagazine.it\/fx\/wp-content\/uploads\/2024\/02\/Amali.jpg 1600w\" sizes=\"auto, (max-width: 640px) 100vw, 640px\" \/><figcaption id=\"caption-attachment-6244\" class=\"wp-caption-text\">Cristian Amali &#8211; ph. Motocrossaddiction<\/figcaption><\/figure>\n<hr \/>\n<p>Nella mini 85 <strong>Cristian Amali<\/strong> (KTM \u2013 Andrea Marchetti) e il romeno Mark Szoke (Husqvarna) si giocano il titolo, con Amali che ha un leggero vantaggio sul rivale. Al terzo posto in classifica \u00e8 salito Liam Pichler (Husqvarna &#8211; \u00a0Gaerne), che per\u00f2 \u00e8 pi\u00f9 distanziato e deve guardarsi le spalle soprattutto dal dominatore di Rosolina, David Cracco (KTM \u2013 Brogliano), che non ha corso a Giardini Naxos e per questo \u00e8 tagliato fuori dalla corsa per il titolo, ma si presenta a Maccarese con l\u2019obiettivo di vincere ancora tutte le manche.<\/p>\n<p><strong>Luca Milani<\/strong> (KTM \u2013 Milani), padrone di casa a Maccarese, potrebbe conquistare il titolo della Ama Mx1 gi\u00e0 con una giornata d\u2019anticipo, visto il grande vantaggio su Antonio Caruso (Husqvarna \u2013 Mx Montelungo) e Riccardo Brignoli (Husqvarna \u2013 Schianno). Nella Ama Mx2 <strong>Antonino Sardisco<\/strong> (KTM &#8211; Tritone) precede Andrea Messina (KTM \u2013 Vr63) e Simone Gonnelli (GasGas \u2013 White blue team), ma le gare sono sempre state ricche di colpi di scena e anche a Maccarese potrebbe succedere di tutto.<\/p>\n<hr \/>\n<figure id=\"attachment_6246\" aria-describedby=\"caption-attachment-6246\" style=\"width: 640px\" class=\"wp-caption alignnone\"><img loading=\"lazy\" decoding=\"async\" class=\"size-large wp-image-6246\" src=\"https:\/\/www.fxactionmagazine.it\/fx\/wp-content\/uploads\/2024\/02\/Partenza-1024x683.jpg\" alt=\"Partenza Ama Mx2 - ph. Alessandro Bortolami\" width=\"640\" height=\"427\" data-wp-pid=\"6246\" srcset=\"https:\/\/www.fxactionmagazine.it\/fx\/wp-content\/uploads\/2024\/02\/Partenza-1024x683.jpg 1024w, https:\/\/www.fxactionmagazine.it\/fx\/wp-content\/uploads\/2024\/02\/Partenza-300x200.jpg 300w, https:\/\/www.fxactionmagazine.it\/fx\/wp-content\/uploads\/2024\/02\/Partenza-768x512.jpg 768w, https:\/\/www.fxactionmagazine.it\/fx\/wp-content\/uploads\/2024\/02\/Partenza-1536x1024.jpg 1536w, https:\/\/www.fxactionmagazine.it\/fx\/wp-content\/uploads\/2024\/02\/Partenza.jpg 1600w\" sizes=\"auto, (max-width: 640px) 100vw, 640px\" \/><figcaption id=\"caption-attachment-6246\" class=\"wp-caption-text\">Partenza Ama Mx2 &#8211; ph. Alessandro Bortolami<\/figcaption><\/figure>\n<hr \/>\n<p>Sul litorale di Fiumicino, inoltre, torneranno in azione i piloti <strong>minicross 65<\/strong>, che avevano fatto il loro storico debutto nel Supermarecross a Giardini Naxos. Anche in questo caso, in ciascuna giornata di gare ci sar\u00e0 un\u2019attivit\u00e0 didattica a cura di un istruttore di guida Federmoto e poi una manche in pista.<\/p>\n","protected":false},"excerpt":{"rendered":"<p>Sulla spiaggia di Maccarese sabato e domenica gli ultimi due round del campionato Fiumicino \u2013 Giusto il tempo di riprendersi dalla trasferta di Rosolina, che gli Internazionali d\u2019Italia EICMA Supermarecross sono pronti a tornare in scena. Sabato e domenica, 24 e 25 febbraio, il campionato di motocross su sabbia affronta i due round conclusivi della [&hellip;]<\/p>\n","protected":false},"author":2,"featured_media":6245,"comment_status":"closed","ping_status":"closed","sticky":false,"template":"","format":"standard","meta":{"footnotes":""},"categories":[148,150],"tags":[],"ppma_author":[165],"class_list":["post-6242","post","type-post","status-publish","format-standard","has-post-thumbnail","hentry","category-supermarecross","category-supermarecross-2024"],"pp_statuses_selecting_workflow":false,"pp_workflow_action":"current","pp_status_selection":"publish","authors":[{"term_id":165,"user_id":2,"is_guest":0,"slug":"fxaction_castellani","display_name":"FXAction Press Press","avatar_url":"https:\/\/secure.gravatar.com\/avatar\/0212eec9298751952bb628e4cf0c6ce6ce916454b650736bf2b3d5c1e21cb525?s=96&d=mm&r=g","1":"","2":"","3":"","4":"","5":"","6":"","7":"","8":""}],"_links":{"self":[{"href":"https:\/\/www.fxactionmagazine.it\/fx\/wp-json\/wp\/v2\/posts\/6242","targetHints":{"allow":["GET"]}}],"collection":[{"href":"https:\/\/www.fxactionmagazine.it\/fx\/wp-json\/wp\/v2\/posts"}],"about":[{"href":"https:\/\/www.fxactionmagazine.it\/fx\/wp-json\/wp\/v2\/types\/post"}],"author":[{"embeddable":true,"href":"https:\/\/www.fxactionmagazine.it\/fx\/wp-json\/wp\/v2\/users\/2"}],"replies":[{"embeddable":true,"href":"https:\/\/www.fxactionmagazine.it\/fx\/wp-json\/wp\/v2\/comments?post=6242"}],"version-history":[{"count":-4,"href":"https:\/\/www.fxactionmagazine.it\/fx\/wp-json\/wp\/v2\/posts\/6242\/revisions"}],"wp:featuredmedia":[{"embeddable":true,"href":"https:\/\/www.fxactionmagazine.it\/fx\/wp-json\/wp\/v2\/media\/6245"}],"wp:attachment":[{"href":"https:\/\/www.fxactionmagazine.it\/fx\/wp-json\/wp\/v2\/media?parent=6242"}],"wp:term":[{"taxonomy":"category","embeddable":true,"href":"https:\/\/www.fxactionmagazine.it\/fx\/wp-json\/wp\/v2\/categories?post=6242"},{"taxonomy":"post_tag","embeddable":true,"href":"https:\/\/www.fxactionmagazine.it\/fx\/wp-json\/wp\/v2\/tags?post=6242"},{"taxonomy":"author","embeddable":true,"href":"https:\/\/www.fxactionmagazine.it\/fx\/wp-json\/wp\/v2\/ppma_author?post=6242"}],"curies":[{"name":"wp","href":"https:\/\/api.w.org\/{rel}","templated":true}]}}