{"id":2371,"date":"2021-03-15T17:03:26","date_gmt":"2021-03-15T17:03:26","guid":{"rendered":"https:\/\/www.fxactionmagazine.it\/fx\/?p=2371"},"modified":"2021-03-15T17:42:36","modified_gmt":"2021-03-15T17:42:36","slug":"max-giusti-corro-a-maggiora-a-fermo-e-forse-anche-alla-malpensa","status":"publish","type":"post","link":"https:\/\/www.fxactionmagazine.it\/fx\/2021\/03\/15\/max-giusti-corro-a-maggiora-a-fermo-e-forse-anche-alla-malpensa\/","title":{"rendered":"Max Giusti: \u201cCorro a Maggiora, a Fermo e forse anche alla Malpensa\u2026\u201d"},"content":{"rendered":"\n<p><em>L\u2019attore e presentatore racconta la sua grande passione per il motocross: \u201cCresciuto col mito di Perfini e Carducci, alla prima gara sono volato su un furgone\u2026\u201d<\/em><\/p>\n\n\n\n<figure class=\"wp-block-image size-large\"><img loading=\"lazy\" decoding=\"async\" width=\"1024\" height=\"682\" src=\"https:\/\/www.fxactionmagazine.it\/fx\/wp-content\/uploads\/2021\/03\/Max-Giusti-1024x682.jpeg\" alt=\"Max Giusti (ph. Luigi De Pompeis)\" class=\"wp-image-2374\" srcset=\"https:\/\/www.fxactionmagazine.it\/fx\/wp-content\/uploads\/2021\/03\/Max-Giusti-1024x682.jpeg 1024w, https:\/\/www.fxactionmagazine.it\/fx\/wp-content\/uploads\/2021\/03\/Max-Giusti-300x200.jpeg 300w, https:\/\/www.fxactionmagazine.it\/fx\/wp-content\/uploads\/2021\/03\/Max-Giusti-768x512.jpeg 768w, https:\/\/www.fxactionmagazine.it\/fx\/wp-content\/uploads\/2021\/03\/Max-Giusti-1536x1023.jpeg 1536w, https:\/\/www.fxactionmagazine.it\/fx\/wp-content\/uploads\/2021\/03\/Max-Giusti-730x485.jpeg 730w, https:\/\/www.fxactionmagazine.it\/fx\/wp-content\/uploads\/2021\/03\/Max-Giusti-1200x800.jpeg 1200w, https:\/\/www.fxactionmagazine.it\/fx\/wp-content\/uploads\/2021\/03\/Max-Giusti.jpeg 1600w\" sizes=\"auto, (max-width: 1024px) 100vw, 1024px\" \/><figcaption>Max Giusti (ph. Luigi De Pompeis)<\/figcaption><\/figure>\n\n\n\n<p><strong>Montopoli di Sabina \u2013 <\/strong>Seduto su una panchina nel paddock di Ponte Sfondato, in mano un panino per un pranzo veloce prima di tornare a seguire gli amici del moto club Milani impegnati nel campionato regionale. Quando \u00e8 in una pista di motocross, Max Giusti \u00e8 nel suo mondo pi\u00f9 o meno come quando sale sul palco. L\u2019attore e presentatore romano \u00e8 un grande appassionato di questo sport, l\u2019aveva praticato da giovane e adesso \u00e8 tornato a gettarsi nella mischia, con le moto d\u2019epoca e non solo.<\/p>\n\n\n\n<p><strong>Max, cosa ci fai qui a Ponte Sfondato?<\/strong><br>\u201cAvrei voluto correre la prova di regionale, ma sono caduto proprio alla vigilia della gara e ho riportato un piccolo infortunio che mi costringe a rinunciare. Faccio da segnalatore a qualche amico, anche se mi sento come un bambino a cui regalano il giocattolo di Natale senza metterci le batterie\u2026\u201d<\/p>\n\n\n\n<p><strong>Ti rifarai con qualche altra gara?<\/strong><br>\u201cNegli ultimi mesi mi sono allenato con una certa costanza, ho migliorato velocit\u00e0 e resistenza. Al punto che sto addirittura pensando di provare a correre la prima prova di italiano Veteran alla Malpensa. Poi sicuramente far\u00f2 le gare Epoca a Maggiora e Fermo\u201d.<\/p>\n\n\n\n<p><strong>Un calendario intenso. Non \u00e8 che stai pensando di mollare la carriera da attore per fare il pilota a tempo pieno\u2026<\/strong><br>\u201cVisti i risultati, direi che la parte del pilota la recito e basta, quindi sono un attore anche quando faccio il pilota&#8230; Battute a parte, non ho mai girato a Maggiora e mi affascina molto l\u2019idea di poter partecipare a una gara europea. Fermo, invece, \u00e8 la citt\u00e0 di mio padre e la pista di Monterosato ce l\u2019ho nel cuore. L\u00ec ci sono Franco Perfini ed Eno Carducci, che erano i miei idoli da ragazzo e che poi sono diventati grandi amici\u201d.<\/p>\n\n\n\n<figure class=\"wp-block-image size-large\"><img loading=\"lazy\" decoding=\"async\" width=\"1024\" height=\"793\" src=\"https:\/\/www.fxactionmagazine.it\/fx\/wp-content\/uploads\/2021\/03\/Max-Giusti-motocross-1024x793.jpg\" alt=\"Max Giusti impegnato nel motocross\" class=\"wp-image-2373\" srcset=\"https:\/\/www.fxactionmagazine.it\/fx\/wp-content\/uploads\/2021\/03\/Max-Giusti-motocross-1024x793.jpg 1024w, https:\/\/www.fxactionmagazine.it\/fx\/wp-content\/uploads\/2021\/03\/Max-Giusti-motocross-300x232.jpg 300w, https:\/\/www.fxactionmagazine.it\/fx\/wp-content\/uploads\/2021\/03\/Max-Giusti-motocross-768x595.jpg 768w, https:\/\/www.fxactionmagazine.it\/fx\/wp-content\/uploads\/2021\/03\/Max-Giusti-motocross-1200x929.jpg 1200w, https:\/\/www.fxactionmagazine.it\/fx\/wp-content\/uploads\/2021\/03\/Max-Giusti-motocross.jpg 1328w\" sizes=\"auto, (max-width: 1024px) 100vw, 1024px\" \/><figcaption>Max Giusti impegnato nel motocross<\/figcaption><\/figure>\n\n\n\n<p><strong>Racconta la tua storia crossistica.<\/strong><br>\u201cSono appassionato di motocross fin da bambino, quando tutte le estati andavo a vedere la coppa Mille dollari. E nel 1984, senza che avessi mai girato in pista, mi portarono direttamente a correre una gara. Avevo un vecchio TM e ricordo benissimo il mio primo doppio salto: per paura di atterrare corto, lo presi cos\u00ec forte che volai fino all\u2019appoggio della curva successiva. Da l\u00ec decollai su un furgone della Gilera che stava a bordo pista, tipo Superman\u201d.<\/p>\n\n\n\n<p><strong>Dopo quel debutto come hai proseguito?<\/strong><br>\u201cNel 1985 prima stagione di gare vera, campionato regionale Cadetti 125. Quell\u2019anno, insieme a me, inizi\u00f2 a correre anche gente come Fabio Romaniello e Sandro Garofani, piloti che hanno preso un posto importante nel cross laziale. I miei risultati in 125 non erano eccezionali, stavo sempre intorno alla decima-quindicesima posizione, cos\u00ec nel 1986 passai alla 250 e l\u00ec arriv\u00f2 qualche soddisfazione in pi\u00f9, con le prime coppe e un sesto posto al regionale. Iniziai anche a correre fuori dal Lazio insieme a Massimo Moretti, mio compagno di squadra nel team Milani. Ma proprio in una gara di quelle, un indoor a Sant\u2019Eusanio del Sangro, in Abruzzo, per una caduta su un salto mi ruppi un braccio in maniera abbastanza importante. Da l\u00ec ho smesso di correre\u201d.<\/p>\n\n\n\n<p><strong>Quindi \u00e8 vera la storia che cadevi un po&#8217; troppo?<\/strong><br>\u201cIl problema \u00e8 che ogni volta che cadevo mi facevo male. Appena iniziavo ad andare bene e a migliorare, mi capitava qualche intoppo. E non erano mai cadute che ti perdonavano, di quelle che ti alzavi solo con qualche graffio e un sospiro di sollievo: c&#8217;era sempre qualche conseguenza fisica. Comunque, sia chiaro, a prescindere da questo non sarei mai diventato Everts o Cairoli\u2026\u201d.<\/p>\n\n\n\n<figure class=\"wp-block-image size-large\"><img loading=\"lazy\" decoding=\"async\" width=\"1024\" height=\"593\" src=\"https:\/\/www.fxactionmagazine.it\/fx\/wp-content\/uploads\/2021\/03\/Giusti-1024x593.jpg\" alt=\"Max Giusti\" class=\"wp-image-2372\" srcset=\"https:\/\/www.fxactionmagazine.it\/fx\/wp-content\/uploads\/2021\/03\/Giusti-1024x593.jpg 1024w, https:\/\/www.fxactionmagazine.it\/fx\/wp-content\/uploads\/2021\/03\/Giusti-300x174.jpg 300w, https:\/\/www.fxactionmagazine.it\/fx\/wp-content\/uploads\/2021\/03\/Giusti-768x445.jpg 768w, https:\/\/www.fxactionmagazine.it\/fx\/wp-content\/uploads\/2021\/03\/Giusti-1536x889.jpg 1536w, https:\/\/www.fxactionmagazine.it\/fx\/wp-content\/uploads\/2021\/03\/Giusti-1200x695.jpg 1200w, https:\/\/www.fxactionmagazine.it\/fx\/wp-content\/uploads\/2021\/03\/Giusti.jpg 1555w\" sizes=\"auto, (max-width: 1024px) 100vw, 1024px\" \/><figcaption>Max Giusti<\/figcaption><\/figure>\n\n\n\n<p><strong>Dopo quell\u2019infortunio in Abruzzo non hai pi\u00f9 fatto motocross neanche per divertimento?<\/strong><br>\u201cPer 33 anni no, anche se ho continuato regolarmente a seguire le gare, tanto che a casa conservo ancora le collezioni complete di Motocross e Motosprint dal 1979 al 2004. Poi nel 2019 si \u00e8 riaccesa la scintilla\u201d.<\/p>\n\n\n\n<p><strong>Come hai riscoperto la voglia di correre dopo tutto questo tempo?<\/strong><br>\u201cLa passione per il motocross non muore mai. Su invito di Yamaha, ho partecipato al Rally di Sardegna 2019. L\u00ec, dopo aver smaltito la ruggine della lunga inattivit\u00e0, negli ultimi giorni di gara ho ritrovato il gusto di guidare una moto. A inizio 2020 sono tornato in pista con una KTM vintage a Ponte Sfondato e a ottobre 2020 ho corso la gara di italiano Epoca, sempre a Ponte Sfondato. \u00c8 stata un&#8217;esperienza molto divertente, cos\u00ec quest\u2019inverno mi sono allenato un po\u2019 meglio per cercare di fare qualche altra gara e divertirmi ancora di pi\u00f9\u201d.<\/p>\n\n\n\n<p class=\"has-text-align-right\"><strong><em>Alessandro Castellani<\/em><\/strong><\/p>\n","protected":false},"excerpt":{"rendered":"<p>L\u2019attore e presentatore racconta la sua grande passione per il motocross: \u201cCresciuto col mito di Perfini e Carducci, alla prima gara sono volato su un furgone\u2026\u201d Montopoli di Sabina \u2013 Seduto su una panchina nel paddock di Ponte Sfondato, in mano un panino per un pranzo veloce prima di tornare a seguire gli amici del [&hellip;]<\/p>\n","protected":false},"author":2,"featured_media":2374,"comment_status":"closed","ping_status":"closed","sticky":false,"template":"","format":"standard","meta":{"footnotes":""},"categories":[45,15],"tags":[],"ppma_author":[165],"class_list":["post-2371","post","type-post","status-publish","format-standard","has-post-thumbnail","hentry","category-epoca-2021","category-senior_femminile"],"pp_statuses_selecting_workflow":false,"pp_workflow_action":"current","pp_status_selection":"publish","authors":[{"term_id":165,"user_id":2,"is_guest":0,"slug":"fxaction_castellani","display_name":"FXAction Press Press","avatar_url":"https:\/\/secure.gravatar.com\/avatar\/0212eec9298751952bb628e4cf0c6ce6ce916454b650736bf2b3d5c1e21cb525?s=96&d=mm&r=g","1":"","2":"","3":"","4":"","5":"","6":"","7":"","8":""}],"_links":{"self":[{"href":"https:\/\/www.fxactionmagazine.it\/fx\/wp-json\/wp\/v2\/posts\/2371","targetHints":{"allow":["GET"]}}],"collection":[{"href":"https:\/\/www.fxactionmagazine.it\/fx\/wp-json\/wp\/v2\/posts"}],"about":[{"href":"https:\/\/www.fxactionmagazine.it\/fx\/wp-json\/wp\/v2\/types\/post"}],"author":[{"embeddable":true,"href":"https:\/\/www.fxactionmagazine.it\/fx\/wp-json\/wp\/v2\/users\/2"}],"replies":[{"embeddable":true,"href":"https:\/\/www.fxactionmagazine.it\/fx\/wp-json\/wp\/v2\/comments?post=2371"}],"version-history":[{"count":2,"href":"https:\/\/www.fxactionmagazine.it\/fx\/wp-json\/wp\/v2\/posts\/2371\/revisions"}],"predecessor-version":[{"id":2381,"href":"https:\/\/www.fxactionmagazine.it\/fx\/wp-json\/wp\/v2\/posts\/2371\/revisions\/2381"}],"wp:featuredmedia":[{"embeddable":true,"href":"https:\/\/www.fxactionmagazine.it\/fx\/wp-json\/wp\/v2\/media\/2374"}],"wp:attachment":[{"href":"https:\/\/www.fxactionmagazine.it\/fx\/wp-json\/wp\/v2\/media?parent=2371"}],"wp:term":[{"taxonomy":"category","embeddable":true,"href":"https:\/\/www.fxactionmagazine.it\/fx\/wp-json\/wp\/v2\/categories?post=2371"},{"taxonomy":"post_tag","embeddable":true,"href":"https:\/\/www.fxactionmagazine.it\/fx\/wp-json\/wp\/v2\/tags?post=2371"},{"taxonomy":"author","embeddable":true,"href":"https:\/\/www.fxactionmagazine.it\/fx\/wp-json\/wp\/v2\/ppma_author?post=2371"}],"curies":[{"name":"wp","href":"https:\/\/api.w.org\/{rel}","templated":true}]}}